{"id":28205,"date":"2025-10-07T08:44:15","date_gmt":"2025-10-07T08:44:15","guid":{"rendered":"https:\/\/www.lodelmomentoloja.com\/?p=28205"},"modified":"2025-10-07T13:46:20","modified_gmt":"2025-10-07T13:46:20","slug":"en-menos-de-50-anos-legisladores-pasaron-de-69-a-151","status":"publish","type":"post","link":"https:\/\/www.lodelmomentoloja.com\/?p=28205","title":{"rendered":"EN MENOS DE 50 A\u00d1OS, LEGISLADORES PASARON DE 69 A 151."},"content":{"rendered":"<p>Ecuador regres\u00f3 a la democracia hace 46 a\u00f1os y en este lapso de tiempo la Funci\u00f3n Legislativa pas\u00f3 de tener 69 legisladores a 151, que estar\u00e1n en funciones hasta el 2029.\u00a0<strong>Este aumento representa un incremento de 90 asamble\u00edstas en menos de medio siglo.<\/strong><\/p>\n<p>Desde el Ejecutivo, el presidente Daniel Noboa propone reducir el n\u00famero de asamble\u00edstas a 71. Este tema ya se consult\u00f3 en el 2023, en el gobierno de Guillermo Lasso, pero se impuso el no en las urnas.<\/p>\n<p>Stalin Andino, secretario jur\u00eddico de la Presidencia, explic\u00f3, en una entrevista con<em>\u00a0La Posta,\u00a0<\/em>que la propuesta contempla que se elijan diez representantes a nivel nacional, uno por provincia y uno adicional por cada 400.000 habitantes, adem\u00e1s de tres representantes para las circunscripciones en el exterior, seg\u00fan el \u00faltimo censo.<\/p>\n<p>Andino precis\u00f3 que con esta reducci\u00f3n se busca potenciar el trabajo de los asamble\u00edstas y mejorar\u00e1 la calidad del debate en el Legislativo.\u00a0<strong>Adem\u00e1s, subray\u00f3 que no afectar\u00e1 la representatividad territorial.<\/strong><\/p>\n<p>Con base en esta propuesta, provincias como Pichincha reducir\u00edan su representaci\u00f3n de 19 a 7 legisladores y Guayas pasar\u00eda de 24 a 11. El n\u00famero de parlamentarios aument\u00f3 en este \u00faltimo periodo de 137 a 151.<\/p>\n<p>En tanto, a la par de los cambios en su composici\u00f3n num\u00e9rica, relacionados con temas demogr\u00e1ficos, el Parlamento ecuatoriano tambi\u00e9n ha modificado su nombre tres veces, pas\u00f3 de llamarse C\u00e1mara de Representantes a Congreso Nacional y actualmente Asamblea Nacional. En los \u00faltimos periodos legislativos se ha buscado garantizar tambi\u00e9n la inclusi\u00f3n de j\u00f3venes y mujeres.<\/p>\n<h2><strong>Composici\u00f3n del Legislativo ha cambiado con los a\u00f1os<\/strong><\/h2>\n<p>El primer cambio trascendental de la Funci\u00f3n Legislativa del Ecuador se produjo con el regreso a la democracia en 1979. En ese a\u00f1o, en el que se estableci\u00f3 la\u00a0<strong>C\u00e1mara de Representantes<\/strong>, compuesta por 69 legisladores, el pa\u00eds tuvo el sistema bicameral hasta 1972 y luego entr\u00f3 en dictadura militar.<\/p>\n<p>Con la C\u00e1mara de Representantes se busc\u00f3 garantizar la presencia de al menos dos representantes por provincia, salvo aquellas con menos de 100.000 habitantes, que contaban con solo uno. Adem\u00e1s, se asignaba un legislador adicional por cada 300.000 habitantes, seg\u00fan se menciona en el libro\u00a0<em>Resumen de historia del Ecuador,\u00a0<\/em>del historiador pol\u00edtico Enrique Ayala Mora.<\/p>\n<p>En 1983, la C\u00e1mara de Representantes cambi\u00f3 a\u00a0<strong>Congreso Nacional<\/strong>, denominaci\u00f3n que mantuvo hasta 2008 y bajo la cual el n\u00famero de asamble\u00edstas fue aumentando paulatinamente en distintos momentos. Un a\u00f1o despu\u00e9s, en 1984, con la reforma constitucional, los esca\u00f1os aumentaron a 71.<\/p>\n<p>Doce a\u00f1os despu\u00e9s, en 1996, el Congreso Nacional lleg\u00f3 a 82 esca\u00f1os, lo que represent\u00f3 un incremento del 18,80 % en comparaci\u00f3n con 1979. La crisis pol\u00edtica de finales de los 90 llev\u00f3 a una reforma electoral entre 1997 y 2000 que elev\u00f3 el n\u00famero de legisladores a 121. En esta etapa se establecieron 101 legisladores provinciales y 20 nacionales.<\/p>\n<p>Tal como se detalla en el libro\u00a0<em>Antolog\u00eda de la democracia ecuatoriana: 1979-2020<\/em>, publicado por el Instituto de la Democracia, la distribuci\u00f3n de los legisladores provinciales se determin\u00f3 mediante una regla que asignaba dos diputados por cada provincia y uno adicional por cada 200.000 habitantes o fracci\u00f3n que superara los 133.000. Los legisladores nacionales, en cambio, representaban un quinto del n\u00famero de provincias, resultando en un total de 20 esca\u00f1os.<\/p>\n<p>Sin embargo, el mismo libro explica que la Constituci\u00f3n de 1998 elimin\u00f3 a los legisladores nacionales, consolidando \u00fanicamente la representaci\u00f3n provincial. Esto se debi\u00f3 a un cambio en el dise\u00f1o electoral que buscaba fortalecer la representaci\u00f3n local y reducir la influencia de los partidos nacionales en un contexto de crisis institucionales y fragmentaci\u00f3n pol\u00edtica.<\/p>\n<p>Posteriormente, en las elecciones de 2002 y 2006, el Congreso Nacional se redujo a 100 legisladores, suprimiendo la representaci\u00f3n nacional y manteniendo \u00fanicamente los esca\u00f1os provinciales.<\/p>\n<p>Uno de los cambios m\u00e1s trascendentales ocurri\u00f3 con la aprobaci\u00f3n de la Constituci\u00f3n de 2008, cuando el \u00f3rgano legislativo pas\u00f3 a llamarse\u00a0<strong>Asamblea Nacional<\/strong>, t\u00edtulo que mantiene hasta la actualidad.<\/p>\n<p>Junto con este cambio de nombre, el n\u00famero de legisladores se increment\u00f3 a 137, estableciendo un nuevo criterio de asignaci\u00f3n de esca\u00f1os basado en la representaci\u00f3n territorial y poblacional. Se reintrodujeron los asamble\u00edstas nacionales con quince esca\u00f1os y se sumaron seis representantes del exterior. Este cambio tuvo el prop\u00f3sito de garantizar una mayor representatividad en el Legislativo, alineando la distribuci\u00f3n de curules con la densidad poblacional de cada provincia.<\/p>\n<p>Para el periodo del 2025, la Asamblea Nacional volvi\u00f3 a aumentar el n\u00famero de legisladores con un total de 151 esca\u00f1os. Este incremento responde a los datos poblacionales del censo del 2022, que reflejan un crecimiento de habitantes en nueve provincias, lo que llev\u00f3 a una redistribuci\u00f3n de esca\u00f1os para asegurar una representaci\u00f3n m\u00e1s proporcional.<\/p>\n<p>V\u00eda: Diario Correo<\/p>\n<p>\ud83c\udf10\u2705 S\u00edguenos en nuestra p\u00e1gina verificada: https:\/\/www.facebook.com\/lodelmomentolojaEC<\/p>\n<p>www.lodelmomentoloja.com<br \/>\n#LDMnoticias #lodelmomentolojaLDM<\/p>\n","protected":false},"excerpt":{"rendered":"<p>Ecuador regres\u00f3 a la democracia hace 46 a\u00f1os y en este lapso de tiempo la&#8230;<\/p>\n","protected":false},"author":1,"featured_media":28206,"comment_status":"open","ping_status":"open","sticky":false,"template":"","format":"standard","meta":{"footnotes":""},"categories":[7,1],"tags":[],"class_list":["post-28205","post","type-post","status-publish","format-standard","has-post-thumbnail","hentry","category-ecuador","category-inicio"],"_links":{"self":[{"href":"https:\/\/www.lodelmomentoloja.com\/index.php?rest_route=\/wp\/v2\/posts\/28205"}],"collection":[{"href":"https:\/\/www.lodelmomentoloja.com\/index.php?rest_route=\/wp\/v2\/posts"}],"about":[{"href":"https:\/\/www.lodelmomentoloja.com\/index.php?rest_route=\/wp\/v2\/types\/post"}],"author":[{"embeddable":true,"href":"https:\/\/www.lodelmomentoloja.com\/index.php?rest_route=\/wp\/v2\/users\/1"}],"replies":[{"embeddable":true,"href":"https:\/\/www.lodelmomentoloja.com\/index.php?rest_route=%2Fwp%2Fv2%2Fcomments&post=28205"}],"version-history":[{"count":2,"href":"https:\/\/www.lodelmomentoloja.com\/index.php?rest_route=\/wp\/v2\/posts\/28205\/revisions"}],"predecessor-version":[{"id":28208,"href":"https:\/\/www.lodelmomentoloja.com\/index.php?rest_route=\/wp\/v2\/posts\/28205\/revisions\/28208"}],"wp:featuredmedia":[{"embeddable":true,"href":"https:\/\/www.lodelmomentoloja.com\/index.php?rest_route=\/wp\/v2\/media\/28206"}],"wp:attachment":[{"href":"https:\/\/www.lodelmomentoloja.com\/index.php?rest_route=%2Fwp%2Fv2%2Fmedia&parent=28205"}],"wp:term":[{"taxonomy":"category","embeddable":true,"href":"https:\/\/www.lodelmomentoloja.com\/index.php?rest_route=%2Fwp%2Fv2%2Fcategories&post=28205"},{"taxonomy":"post_tag","embeddable":true,"href":"https:\/\/www.lodelmomentoloja.com\/index.php?rest_route=%2Fwp%2Fv2%2Ftags&post=28205"}],"curies":[{"name":"wp","href":"https:\/\/api.w.org\/{rel}","templated":true}]}}