{"id":28197,"date":"2025-10-06T15:32:13","date_gmt":"2025-10-06T15:32:13","guid":{"rendered":"https:\/\/www.lodelmomentoloja.com\/?p=28197"},"modified":"2025-10-06T20:34:27","modified_gmt":"2025-10-06T20:34:27","slug":"a-tension-crece-entre-el-gobierno-nacional-y-la-conaie-se-tomaran-quito","status":"publish","type":"post","link":"https:\/\/www.lodelmomentoloja.com\/?p=28197","title":{"rendered":"a tensi\u00f3n crece entre el Gobierno Nacional y la Conaie \u00bfse tomar\u00e1n Quito?"},"content":{"rendered":"<p class=\"selectable-text copyable-text x15bjb6t x1n2onr6\"><span class=\"x19la9d6 x1fc57z9 x6ikm8r x10wlt62 x19co3pv x1g5zs5t xfibh0p xiy17q3 x1xsqp64 x1lkfr7t xexx8yu xyri2b x18d9i69 x1c1uobl\"><span class=\"xrtxmta x1bhl96m\"><img loading=\"lazy\" decoding=\"async\" class=\"wp-image-28199 aligncenter\" src=\"http:\/\/www.lodelmomentoloja.com\/wp-content\/uploads\/2025\/10\/NOTA-IMAGEN-2-300x169.jpg\" alt=\"\" width=\"1074\" height=\"605\" srcset=\"https:\/\/www.lodelmomentoloja.com\/wp-content\/uploads\/2025\/10\/NOTA-IMAGEN-2-300x169.jpg 300w, https:\/\/www.lodelmomentoloja.com\/wp-content\/uploads\/2025\/10\/NOTA-IMAGEN-2-1024x576.jpg 1024w, https:\/\/www.lodelmomentoloja.com\/wp-content\/uploads\/2025\/10\/NOTA-IMAGEN-2-768x432.jpg 768w, https:\/\/www.lodelmomentoloja.com\/wp-content\/uploads\/2025\/10\/NOTA-IMAGEN-2-640x360.jpg 640w, https:\/\/www.lodelmomentoloja.com\/wp-content\/uploads\/2025\/10\/NOTA-IMAGEN-2-1536x864.jpg 1536w, https:\/\/www.lodelmomentoloja.com\/wp-content\/uploads\/2025\/10\/NOTA-IMAGEN-2.jpg 1920w\" sizes=\"(max-width: 1074px) 100vw, 1074px\" \/><\/p>\n<p>\ud83d\ude2c<\/span><\/span><span class=\"x19la9d6 x1fc57z9 x6ikm8r x10wlt62 x19co3pv x1g5zs5t xfibh0p xiy17q3 x1xsqp64 x1lkfr7t xexx8yu xyri2b x18d9i69 x1c1uobl\"><span class=\"xrtxmta x1bhl96m\">\ud83c\uddea\ud83c\udde8<\/span><\/span><span class=\"x19la9d6 x1fc57z9 x6ikm8r x10wlt62 x19co3pv x1g5zs5t xfibh0p xiy17q3 x1xsqp64 x1lkfr7t xexx8yu xyri2b x18d9i69 x1c1uobl\"><span class=\"xrtxmta x1bhl96m\">\ud83d\udde3\ufe0f<\/span><\/span><span class=\"selectable-text copyable-text xkrh14z\"> \u00bfSe tomar\u00e1n Quito? Esta tercera semana de movilizaciones se da en medio del estado de excepci\u00f3n decretado por el presidente Daniel Noboa en 10 provincias del pa\u00eds. Lo que m\u00e1s sorprendi\u00f3 de la jornada, fue el mensaje enviado por el presidente de la Conaie este fin de semana, advirtiendo que las movilizaciones podr\u00edan radicalizarse, pero el presidente Noboa parece no intimidarse. <\/span><\/p>\n<div style=\"width: 640px;\" class=\"wp-video\"><!--[if lt IE 9]><script>document.createElement('video');<\/script><![endif]-->\n<video class=\"wp-video-shortcode\" id=\"video-28197-1\" width=\"640\" height=\"360\" preload=\"metadata\" controls=\"controls\"><source type=\"video\/mp4\" src=\"http:\/\/www.lodelmomentoloja.com\/wp-content\/uploads\/2025\/10\/MARLON-VARGAS-VS-EL-GOBIERNO-REDUCIDO.mp4?_=1\" \/><a href=\"http:\/\/www.lodelmomentoloja.com\/wp-content\/uploads\/2025\/10\/MARLON-VARGAS-VS-EL-GOBIERNO-REDUCIDO.mp4\">http:\/\/www.lodelmomentoloja.com\/wp-content\/uploads\/2025\/10\/MARLON-VARGAS-VS-EL-GOBIERNO-REDUCIDO.mp4<\/a><\/video><\/div>\n<p>Esta tercera semana de movilizaciones se da en medio del estado de excepci\u00f3n decretado por el presidente Daniel Noboa en 10 provincias del pa\u00eds. Lo que m\u00e1s sorprendi\u00f3 de la jornada, fue el mensaje enviado por el presidente de la Conaie este fin de semana, advirtiendo que las movilizaciones podr\u00edan radicalizarse.<\/p>\n<p>Una advertencia que al presidente Noboa no parece haber intimidado, ya que, a trav\u00e9s de su cuenta de X, el domingo 05 de octubre, el mandatario rechaz\u00f3 cualquier intento de desestabilizaci\u00f3n. \u201ca los que eligen la v10l3nc14, los espera la ley. A los que act\u00faan como d3l1ncv3nt3s, se los tratar\u00e1 como d3l1ncv3nt3s\u201d, acot\u00f3 el mandatario.<\/p>\n<p>As\u00ed mismo, envi\u00f3 oficios a los ministros de Defensa y del Interior, solicitando resguardo policial y militar para proteger infraestructuras esenciales de la capital. Adem\u00e1s, dispuso que todos los servicios municipales, como salud, educaci\u00f3n, agua potable, transporte y recolecci\u00f3n de basura, funcionen con normalidad.<\/p>\n<p>Por su parte, la bancada oficialista emiti\u00f3 un comunicado este 06 de octubre refiri\u00e9ndose a las declaraciones del presidente de la Conaie, ADN anunci\u00f3 que present\u00f3 ante la Fiscal\u00eda General del Estado un pedido de acto urgente para que se investiguen las 4m3n4z4s de Vargas. \u201cNo permitiremos que se aliente el t3rr0r1smo, la sedici\u00f3n o rebeli\u00f3n bajo el disfraz de la protesta\u201d, agrega el comunicado.<\/p>\n<p>Pero, este lunes, Marlos Vargas envi\u00f3 un nuevo mensaje a los ciudadanos de Quito \u201cNuestra lucha no es contra las ciudades, sino contra a\u00f1os de abandono, pobreza y desigualdad\u201d, dijo en redes sociales, \u201cno queremos m\u00e1s d3s4p4r3c1ds ni 4s3s1n4d0s por exigir dignidad\u201d.<\/p>\n<p>Las protestas se han centralizado en provincias como Imbabura y Cotopaxi, mientras los ecuatorianos se mantienen a la expectativa sobre lo que podr\u00eda ocurrir en las pr\u00f3ximas horas.<\/p>\n<p class=\"selectable-text copyable-text x15bjb6t x1n2onr6\"><span class=\"x19la9d6 x1fc57z9 x6ikm8r x10wlt62 x19co3pv x1g5zs5t xfibh0p xiy17q3 x1xsqp64 x1lkfr7t xexx8yu xyri2b x18d9i69 x1c1uobl\"><span class=\"xrtxmta x1bhl96m\">\ud83c\udf10<\/span><\/span><span class=\"x19la9d6 x1fc57z9 x6ikm8r x10wlt62 x19co3pv x1g5zs5t xfibh0p xiy17q3 x1xsqp64 x1lkfr7t xexx8yu xyri2b x18d9i69 x1c1uobl\"><span class=\"xrtxmta x1bhl96m\">\u2705<\/span><\/span><span class=\"selectable-text copyable-text xkrh14z\"> S\u00edguenos en nuestra p\u00e1gina verificada: <\/span><span class=\"selectable-text copyable-text xkrh14z\">https:\/\/www.facebook.com\/lodelmomentolojaEC<\/span><\/p>\n<p class=\"selectable-text copyable-text x15bjb6t x1n2onr6\"><span class=\"selectable-text copyable-text xkrh14z\">www.lodelmomentoloja.com<\/span><\/p>\n<p class=\"selectable-text copyable-text x15bjb6t x1n2onr6\"><span class=\"selectable-text copyable-text xkrh14z\">#LDMnoticias #lodelmomentolojaLDM<\/span><\/p>\n","protected":false},"excerpt":{"rendered":"<p>\ud83d\ude2c\ud83c\uddea\ud83c\udde8\ud83d\udde3\ufe0f \u00bfSe tomar\u00e1n Quito? Esta tercera semana de movilizaciones se da en medio del estado&#8230;<\/p>\n","protected":false},"author":1,"featured_media":0,"comment_status":"open","ping_status":"open","sticky":false,"template":"","format":"standard","meta":{"footnotes":""},"categories":[7,1],"tags":[],"class_list":["post-28197","post","type-post","status-publish","format-standard","hentry","category-ecuador","category-inicio"],"_links":{"self":[{"href":"https:\/\/www.lodelmomentoloja.com\/index.php?rest_route=\/wp\/v2\/posts\/28197"}],"collection":[{"href":"https:\/\/www.lodelmomentoloja.com\/index.php?rest_route=\/wp\/v2\/posts"}],"about":[{"href":"https:\/\/www.lodelmomentoloja.com\/index.php?rest_route=\/wp\/v2\/types\/post"}],"author":[{"embeddable":true,"href":"https:\/\/www.lodelmomentoloja.com\/index.php?rest_route=\/wp\/v2\/users\/1"}],"replies":[{"embeddable":true,"href":"https:\/\/www.lodelmomentoloja.com\/index.php?rest_route=%2Fwp%2Fv2%2Fcomments&post=28197"}],"version-history":[{"count":1,"href":"https:\/\/www.lodelmomentoloja.com\/index.php?rest_route=\/wp\/v2\/posts\/28197\/revisions"}],"predecessor-version":[{"id":28200,"href":"https:\/\/www.lodelmomentoloja.com\/index.php?rest_route=\/wp\/v2\/posts\/28197\/revisions\/28200"}],"wp:attachment":[{"href":"https:\/\/www.lodelmomentoloja.com\/index.php?rest_route=%2Fwp%2Fv2%2Fmedia&parent=28197"}],"wp:term":[{"taxonomy":"category","embeddable":true,"href":"https:\/\/www.lodelmomentoloja.com\/index.php?rest_route=%2Fwp%2Fv2%2Fcategories&post=28197"},{"taxonomy":"post_tag","embeddable":true,"href":"https:\/\/www.lodelmomentoloja.com\/index.php?rest_route=%2Fwp%2Fv2%2Ftags&post=28197"}],"curies":[{"name":"wp","href":"https:\/\/api.w.org\/{rel}","templated":true}]}}