{"id":28170,"date":"2025-10-03T16:11:03","date_gmt":"2025-10-03T16:11:03","guid":{"rendered":"https:\/\/www.lodelmomentoloja.com\/?p=28170"},"modified":"2025-10-03T21:14:18","modified_gmt":"2025-10-03T21:14:18","slug":"detienen-a-concejal-de-macara-tras-discrepancias-con-el-alcalde-francisco-azuero","status":"publish","type":"post","link":"https:\/\/www.lodelmomentoloja.com\/?p=28170","title":{"rendered":"Detienen a concejal de Macar\u00e1 tras discrepancias con el alcalde Francisco Azuero"},"content":{"rendered":"<p class=\"selectable-text copyable-text x15bjb6t x1n2onr6\"><span class=\"x19la9d6 x1fc57z9 x6ikm8r x10wlt62 x19co3pv x1g5zs5t xfibh0p xiy17q3 x1xsqp64 x1lkfr7t xexx8yu xyri2b x18d9i69 x1c1uobl\"><span class=\"xrtxmta x1bhl96m\"><img loading=\"lazy\" decoding=\"async\" class=\"wp-image-28172 aligncenter\" src=\"http:\/\/www.lodelmomentoloja.com\/wp-content\/uploads\/2025\/10\/NOTA-VIDEO-2-300x169.jpg\" alt=\"\" width=\"1054\" height=\"594\" srcset=\"https:\/\/www.lodelmomentoloja.com\/wp-content\/uploads\/2025\/10\/NOTA-VIDEO-2-300x169.jpg 300w, https:\/\/www.lodelmomentoloja.com\/wp-content\/uploads\/2025\/10\/NOTA-VIDEO-2-1024x576.jpg 1024w, https:\/\/www.lodelmomentoloja.com\/wp-content\/uploads\/2025\/10\/NOTA-VIDEO-2-768x432.jpg 768w, https:\/\/www.lodelmomentoloja.com\/wp-content\/uploads\/2025\/10\/NOTA-VIDEO-2-640x360.jpg 640w, https:\/\/www.lodelmomentoloja.com\/wp-content\/uploads\/2025\/10\/NOTA-VIDEO-2-1536x864.jpg 1536w, https:\/\/www.lodelmomentoloja.com\/wp-content\/uploads\/2025\/10\/NOTA-VIDEO-2.jpg 1920w\" sizes=\"(max-width: 1054px) 100vw, 1054px\" \/><br \/>\n\ud83d\udea8<\/span><\/span><span class=\"x19la9d6 x1fc57z9 x6ikm8r x10wlt62 x19co3pv x1g5zs5t xfibh0p xiy17q3 x1xsqp64 x1lkfr7t xexx8yu xyri2b x18d9i69 x1c1uobl\"><span class=\"xrtxmta x1bhl96m\">\ud83d\udde3\ufe0f<\/span><\/span><span class=\"x19la9d6 x1fc57z9 x6ikm8r x10wlt62 x19co3pv x1g5zs5t xfibh0p xiy17q3 x1xsqp64 x1lkfr7t xexx8yu xyri2b x18d9i69 x1c1uobl\"><span class=\"xrtxmta x1bhl96m\">\ud83d\udc49\ud83c\udffb<\/span><\/span><span class=\"selectable-text copyable-text xkrh14z\"> \u00a1Presunto 4bvs0 de poder! Una nueva controversia entre el alcalde de Macar\u00e1, Francisco Azuero y el concejal Emanuel L\u00f3pez termin\u00f3 con la detenci\u00f3n del edil; de manera extraoficial, se conoce que varios de los agentes que realizaron el proceso estar\u00edan bajos los efectos del alcohol.<\/span><\/p>\n<div style=\"width: 640px;\" class=\"wp-video\"><!--[if lt IE 9]><script>document.createElement('video');<\/script><![endif]-->\n<video class=\"wp-video-shortcode\" id=\"video-28170-1\" width=\"640\" height=\"360\" preload=\"metadata\" controls=\"controls\"><source type=\"video\/mp4\" src=\"http:\/\/www.lodelmomentoloja.com\/wp-content\/uploads\/2025\/10\/CONCEJAL-DE-MACAR_-REDUCIDO.mp4?_=1\" \/><a href=\"http:\/\/www.lodelmomentoloja.com\/wp-content\/uploads\/2025\/10\/CONCEJAL-DE-MACAR_-REDUCIDO.mp4\">http:\/\/www.lodelmomentoloja.com\/wp-content\/uploads\/2025\/10\/CONCEJAL-DE-MACAR_-REDUCIDO.mp4<\/a><\/video><\/div>\n<p class=\"selectable-text copyable-text x15bjb6t x1n2onr6\">\n<p>Seg\u00fan la versi\u00f3n del concejal L\u00f3pez, la pol\u00e9mica inici\u00f3 luego de que el alcalde del cant\u00f3n se refiriera hacia su persona con t\u00e9rminos despectivos como \u2018v4cvn4d0r\u2019 y \u20183xt0rc10n4d0r\u2019 durante la visita del burgomaestre al barrio San Sebasti\u00e1n.<\/p>\n<p>Una situaci\u00f3n que desat\u00f3 el malestar de Emanuel L\u00f3pez quien decidi\u00f3 enfrentar al alcalde por las aparentes declaraciones. LDM tuvo acceso a las im\u00e1genes en donde se observa al edil L\u00f3pez siguiendo a Francisco Azuero en su veh\u00edculo hasta las instalaciones de un establecimiento policial. All\u00ed, la tensi\u00f3n era notoria y el edil abord\u00f3 al alcalde sin que la autoridad cantonal respondiera a las acusaciones.<\/p>\n<p>Tras el incidente, L\u00f3pez detalla que regresaba a su casa en compa\u00f1\u00eda de su esposa cuando fue interceptado por un convoy policial que realiz\u00f3 su detenci\u00f3n alegando una \u2018falta a la palabra\u2019 y lo aprehendieron si antes justificar el debido proceso.<\/p>\n<p>En redes sociales, circularon las im\u00e1genes del momento en que los agentes policiales esposan al concejal y lo trasladan hasta el UPC generando confusi\u00f3n en la ciudadan\u00eda por lo sucedido.<\/p>\n<p>A decir del edil, se practicaron ex\u00e1menes m\u00e9dicos y prueba de alcoholemia evidenciando la arbitrariedad del procedimiento, puesto que no exist\u00eda un parte policial por la detenci\u00f3n.<\/p>\n<p>De manera extraoficial, se conoce que varios de los servidores que participaron en el proceso habr\u00edan estado en un aparente estado et\u00edlico generando dudas sobre su proceder.<\/p>\n<p>Adem\u00e1s, se mostr\u00f3 indignado por las declaraciones del alcalde al referirse a su padre quien perdi\u00f3 la vida de manera tr\u00e1g1c4.<\/p>\n<p>Por su parte, el alcalde Francisco Azuero tambi\u00e9n cont\u00f3 su versi\u00f3n de los hechos, a trav\u00e9s de la p\u00e1gina de la Municipalidad de Macar\u00e1, el burgomaestre declar\u00f3 que estaba cansado de la aparente persecuci\u00f3n que existir\u00eda en su contra, se\u00f1alando que tomar\u00e1 acciones legales.<\/p>\n<p>Sin embargo, en horas de la tarde de este viernes 03 de octubre el concejal Emanuel L\u00f3pez qued\u00f3 en libertad, ya que, el juez de la causa determin\u00f3 que no existi\u00f3 4gr3s1\u00f3n y ning\u00fan tipo de d3l1t0 que amerite la flagrancia. As\u00ed mismo, L\u00f3pez indic\u00f3 que tomar\u00e1 acciones legales en contra de los elementos policiales que procedieron de manera arbitraria.<\/p>\n<p class=\"selectable-text copyable-text x15bjb6t x1n2onr6\"><span class=\"x19la9d6 x1fc57z9 x6ikm8r x10wlt62 x19co3pv x1g5zs5t xfibh0p xiy17q3 x1xsqp64 x1lkfr7t xexx8yu xyri2b x18d9i69 x1c1uobl\"><span class=\"xrtxmta x1bhl96m\">\ud83c\udf10<\/span><\/span><span class=\"x19la9d6 x1fc57z9 x6ikm8r x10wlt62 x19co3pv x1g5zs5t xfibh0p xiy17q3 x1xsqp64 x1lkfr7t xexx8yu xyri2b x18d9i69 x1c1uobl\"><span class=\"xrtxmta x1bhl96m\">\u2705<\/span><\/span><span class=\"selectable-text copyable-text xkrh14z\"> S\u00edguenos en nuestra p\u00e1gina verificada: <\/span><span class=\"selectable-text copyable-text xkrh14z\">https:\/\/www.facebook.com\/lodelmomentolojaEC<\/span><\/p>\n<p class=\"selectable-text copyable-text x15bjb6t x1n2onr6\"><span class=\"selectable-text copyable-text xkrh14z\">www.lodelmomentoloja.com<\/span><\/p>\n<p class=\"selectable-text copyable-text x15bjb6t x1n2onr6\"><span class=\"selectable-text copyable-text xkrh14z\">#LDMnoticias #lodelmomentolojaLDM<\/span><\/p>\n","protected":false},"excerpt":{"rendered":"<p>\ud83d\udea8\ud83d\udde3\ufe0f\ud83d\udc49\ud83c\udffb \u00a1Presunto 4bvs0 de poder! Una nueva controversia entre el alcalde de Macar\u00e1, Francisco Azuero&#8230;<\/p>\n","protected":false},"author":1,"featured_media":0,"comment_status":"open","ping_status":"open","sticky":false,"template":"","format":"standard","meta":{"footnotes":""},"categories":[7,1,5],"tags":[],"class_list":["post-28170","post","type-post","status-publish","format-standard","hentry","category-ecuador","category-inicio","category-loja"],"_links":{"self":[{"href":"https:\/\/www.lodelmomentoloja.com\/index.php?rest_route=\/wp\/v2\/posts\/28170"}],"collection":[{"href":"https:\/\/www.lodelmomentoloja.com\/index.php?rest_route=\/wp\/v2\/posts"}],"about":[{"href":"https:\/\/www.lodelmomentoloja.com\/index.php?rest_route=\/wp\/v2\/types\/post"}],"author":[{"embeddable":true,"href":"https:\/\/www.lodelmomentoloja.com\/index.php?rest_route=\/wp\/v2\/users\/1"}],"replies":[{"embeddable":true,"href":"https:\/\/www.lodelmomentoloja.com\/index.php?rest_route=%2Fwp%2Fv2%2Fcomments&post=28170"}],"version-history":[{"count":1,"href":"https:\/\/www.lodelmomentoloja.com\/index.php?rest_route=\/wp\/v2\/posts\/28170\/revisions"}],"predecessor-version":[{"id":28173,"href":"https:\/\/www.lodelmomentoloja.com\/index.php?rest_route=\/wp\/v2\/posts\/28170\/revisions\/28173"}],"wp:attachment":[{"href":"https:\/\/www.lodelmomentoloja.com\/index.php?rest_route=%2Fwp%2Fv2%2Fmedia&parent=28170"}],"wp:term":[{"taxonomy":"category","embeddable":true,"href":"https:\/\/www.lodelmomentoloja.com\/index.php?rest_route=%2Fwp%2Fv2%2Fcategories&post=28170"},{"taxonomy":"post_tag","embeddable":true,"href":"https:\/\/www.lodelmomentoloja.com\/index.php?rest_route=%2Fwp%2Fv2%2Ftags&post=28170"}],"curies":[{"name":"wp","href":"https:\/\/api.w.org\/{rel}","templated":true}]}}