{"id":28152,"date":"2025-10-02T18:39:55","date_gmt":"2025-10-02T18:39:55","guid":{"rendered":"https:\/\/www.lodelmomentoloja.com\/?p=28152"},"modified":"2025-10-02T23:42:12","modified_gmt":"2025-10-02T23:42:12","slug":"el-ministro-john-reimberg-acusa-a-luisa-gonzalez-de-ser-autora-intelectual-del-paro-nacional","status":"publish","type":"post","link":"https:\/\/www.lodelmomentoloja.com\/?p=28152","title":{"rendered":"El ministro John Reimberg acusa a Luisa Gonz\u00e1lez de ser autora intelectual del paro nacional"},"content":{"rendered":"<p class=\"selectable-text copyable-text x15bjb6t x1n2onr6\"><span class=\"x19la9d6 x1fc57z9 x6ikm8r x10wlt62 x19co3pv x1g5zs5t xfibh0p xiy17q3 x1xsqp64 x1lkfr7t xexx8yu xyri2b x18d9i69 x1c1uobl\"><span class=\"xrtxmta x1bhl96m\"><img loading=\"lazy\" decoding=\"async\" class=\"wp-image-28154 aligncenter\" src=\"http:\/\/www.lodelmomentoloja.com\/wp-content\/uploads\/2025\/10\/vivi-3-300x169.jpg\" alt=\"\" width=\"1104\" height=\"622\" srcset=\"https:\/\/www.lodelmomentoloja.com\/wp-content\/uploads\/2025\/10\/vivi-3-300x169.jpg 300w, https:\/\/www.lodelmomentoloja.com\/wp-content\/uploads\/2025\/10\/vivi-3-1024x576.jpg 1024w, https:\/\/www.lodelmomentoloja.com\/wp-content\/uploads\/2025\/10\/vivi-3-768x432.jpg 768w, https:\/\/www.lodelmomentoloja.com\/wp-content\/uploads\/2025\/10\/vivi-3-640x360.jpg 640w, https:\/\/www.lodelmomentoloja.com\/wp-content\/uploads\/2025\/10\/vivi-3-1536x864.jpg 1536w, https:\/\/www.lodelmomentoloja.com\/wp-content\/uploads\/2025\/10\/vivi-3.jpg 1920w\" sizes=\"(max-width: 1104px) 100vw, 1104px\" \/><\/p>\n<p>\ud83d\ude28<\/span><\/span><span class=\"x19la9d6 x1fc57z9 x6ikm8r x10wlt62 x19co3pv x1g5zs5t xfibh0p xiy17q3 x1xsqp64 x1lkfr7t xexx8yu xyri2b x18d9i69 x1c1uobl\"><span class=\"xrtxmta x1bhl96m\">\ud83d\udce3<\/span><\/span><span class=\"x19la9d6 x1fc57z9 x6ikm8r x10wlt62 x19co3pv x1g5zs5t xfibh0p xiy17q3 x1xsqp64 x1lkfr7t xexx8yu xyri2b x18d9i69 x1c1uobl\"><span class=\"xrtxmta x1bhl96m\">\ud83d\udde3\ufe0f<\/span><\/span><span class=\"selectable-text copyable-text xkrh14z\"> \u00a1Se dijeron todo! Este jueves el ministro del Interior, John Reimberg habl\u00f3 sobre los actos de v10l3nc14 registrados durante el paro nacional indefinido. Pero, en esta ocasi\u00f3n, el ministro no se refiri\u00f3 al movimiento ind\u00edgena, sino a la excandidata presidencial Luisa Gonz\u00e1lez luego de que anunciara su respaldo a los manifestantes, acus\u00e1ndola como una de las autoras intelectuales del paro nacional.<\/span><\/p>\n<div style=\"width: 640px;\" class=\"wp-video\"><!--[if lt IE 9]><script>document.createElement('video');<\/script><![endif]-->\n<video class=\"wp-video-shortcode\" id=\"video-28152-1\" width=\"640\" height=\"360\" preload=\"metadata\" controls=\"controls\"><source type=\"video\/mp4\" src=\"http:\/\/www.lodelmomentoloja.com\/wp-content\/uploads\/2025\/10\/JOHN-REIMBERG-REDUCIDO.mp4?_=1\" \/><a href=\"http:\/\/www.lodelmomentoloja.com\/wp-content\/uploads\/2025\/10\/JOHN-REIMBERG-REDUCIDO.mp4\">http:\/\/www.lodelmomentoloja.com\/wp-content\/uploads\/2025\/10\/JOHN-REIMBERG-REDUCIDO.mp4<\/a><\/video><\/div>\n<p>Pero, en esta ocasi\u00f3n, el ministro no se refiri\u00f3 al movimiento ind\u00edgena, sino a la excandidata presidencial Luisa Gonz\u00e1lez tras anunciar su respaldo a las manifestaciones. En una entrevista con la cadena Teleamazonas, Reimberg advirti\u00f3 con detener a los autores intelectuales que financian las paralizaciones y promueven la violencia y al ser consultado sobre quienes ser\u00edan los autores, respondi\u00f3.<\/p>\n<p>Adem\u00e1s, dijo que era la \u00faltima carta que les quedaba, luego de que el movimiento pol\u00edtico que preside quedara fuera de la campa\u00f1a electoral en la consulta popular.<\/p>\n<p>Esto, luego de que el pasado 30 de septiembre, Luisa Gonz\u00e1lez anunciara en una rueda de prensa que las Revoluci\u00f3n Ciudadana est\u00e1 dispuesta a apoyar con alimentos y abogados, pero tambi\u00e9n, resalt\u00f3 dicho respaldo es en la lucha pac\u00edfica del pueblo.<\/p>\n<p>Pero las declaraciones del ministro provocaron la respuesta de Gonz\u00e1lez quien increp\u00f3 a Reimberg con la incrementaci\u00f3n de los tres puntos del IVA. \u201cLo que le gusta es hablar con d3l1ncv3nt3s, ah\u00ed si se sienta TRANQUILITO ante FITO pero 4t4c4r al pueblo desarmado. 4m3n4c3 lo que usted quiera\u201d.<\/p>\n<p>Por su parte, la Conaie se encuentra en el d\u00e9cimo d\u00eda del paro nacional y su Consejo Ampliado est\u00e1 definiendo hoy nuevas acciones tras ratificarse en sus exigencias dirigidas al actual Gobierno.<\/p>\n<p class=\"selectable-text copyable-text x15bjb6t x1n2onr6\"><span class=\"x19la9d6 x1fc57z9 x6ikm8r x10wlt62 x19co3pv x1g5zs5t xfibh0p xiy17q3 x1xsqp64 x1lkfr7t xexx8yu xyri2b x18d9i69 x1c1uobl\"><span class=\"xrtxmta x1bhl96m\">\ud83c\udf10<\/span><\/span><span class=\"x19la9d6 x1fc57z9 x6ikm8r x10wlt62 x19co3pv x1g5zs5t xfibh0p xiy17q3 x1xsqp64 x1lkfr7t xexx8yu xyri2b x18d9i69 x1c1uobl\"><span class=\"xrtxmta x1bhl96m\">\u2705<\/span><\/span><span class=\"selectable-text copyable-text xkrh14z\"> S\u00edguenos en nuestra p\u00e1gina verificada: <\/span><span class=\"selectable-text copyable-text xkrh14z\">https:\/\/www.facebook.com\/lodelmomentolojaEC<\/span><\/p>\n<p class=\"selectable-text copyable-text x15bjb6t x1n2onr6\"><span class=\"selectable-text copyable-text xkrh14z\">www.lodelmomentoloja.com<\/span><\/p>\n<p class=\"selectable-text copyable-text x15bjb6t x1n2onr6\"><span class=\"selectable-text copyable-text xkrh14z\">#LDMnoticias #lodelmomentolojaLDM<\/span><\/p>\n","protected":false},"excerpt":{"rendered":"<p>\ud83d\ude28\ud83d\udce3\ud83d\udde3\ufe0f \u00a1Se dijeron todo! Este jueves el ministro del Interior, John Reimberg habl\u00f3 sobre los&#8230;<\/p>\n","protected":false},"author":1,"featured_media":0,"comment_status":"open","ping_status":"open","sticky":false,"template":"","format":"standard","meta":{"footnotes":""},"categories":[7,1],"tags":[],"class_list":["post-28152","post","type-post","status-publish","format-standard","hentry","category-ecuador","category-inicio"],"_links":{"self":[{"href":"https:\/\/www.lodelmomentoloja.com\/index.php?rest_route=\/wp\/v2\/posts\/28152"}],"collection":[{"href":"https:\/\/www.lodelmomentoloja.com\/index.php?rest_route=\/wp\/v2\/posts"}],"about":[{"href":"https:\/\/www.lodelmomentoloja.com\/index.php?rest_route=\/wp\/v2\/types\/post"}],"author":[{"embeddable":true,"href":"https:\/\/www.lodelmomentoloja.com\/index.php?rest_route=\/wp\/v2\/users\/1"}],"replies":[{"embeddable":true,"href":"https:\/\/www.lodelmomentoloja.com\/index.php?rest_route=%2Fwp%2Fv2%2Fcomments&post=28152"}],"version-history":[{"count":1,"href":"https:\/\/www.lodelmomentoloja.com\/index.php?rest_route=\/wp\/v2\/posts\/28152\/revisions"}],"predecessor-version":[{"id":28155,"href":"https:\/\/www.lodelmomentoloja.com\/index.php?rest_route=\/wp\/v2\/posts\/28152\/revisions\/28155"}],"wp:attachment":[{"href":"https:\/\/www.lodelmomentoloja.com\/index.php?rest_route=%2Fwp%2Fv2%2Fmedia&parent=28152"}],"wp:term":[{"taxonomy":"category","embeddable":true,"href":"https:\/\/www.lodelmomentoloja.com\/index.php?rest_route=%2Fwp%2Fv2%2Fcategories&post=28152"},{"taxonomy":"post_tag","embeddable":true,"href":"https:\/\/www.lodelmomentoloja.com\/index.php?rest_route=%2Fwp%2Fv2%2Ftags&post=28152"}],"curies":[{"name":"wp","href":"https:\/\/api.w.org\/{rel}","templated":true}]}}