{"id":28144,"date":"2025-10-02T12:27:10","date_gmt":"2025-10-02T12:27:10","guid":{"rendered":"https:\/\/www.lodelmomentoloja.com\/?p=28144"},"modified":"2025-10-02T17:29:01","modified_gmt":"2025-10-02T17:29:01","slug":"denuncian-a-periodista-lojano-por-presunto-m4ltr4t0-y-falta-de-pago-de-sueldo","status":"publish","type":"post","link":"https:\/\/www.lodelmomentoloja.com\/?p=28144","title":{"rendered":"Denuncian a periodista lojano por presunto m4ltr4t0 y falta de pago de sueldo."},"content":{"rendered":"<p class=\"selectable-text copyable-text x15bjb6t x1n2onr6\"><span class=\"x19la9d6 x1fc57z9 x6ikm8r x10wlt62 x19co3pv x1g5zs5t xfibh0p xiy17q3 x1xsqp64 x1lkfr7t xexx8yu xyri2b x18d9i69 x1c1uobl\"><span class=\"xrtxmta x1bhl96m\"><img loading=\"lazy\" decoding=\"async\" class=\"wp-image-28146 aligncenter\" src=\"http:\/\/www.lodelmomentoloja.com\/wp-content\/uploads\/2025\/10\/NOTA-VIDEO-1-1-300x169.jpg\" alt=\"\" width=\"1095\" height=\"617\" srcset=\"https:\/\/www.lodelmomentoloja.com\/wp-content\/uploads\/2025\/10\/NOTA-VIDEO-1-1-300x169.jpg 300w, https:\/\/www.lodelmomentoloja.com\/wp-content\/uploads\/2025\/10\/NOTA-VIDEO-1-1-1024x576.jpg 1024w, https:\/\/www.lodelmomentoloja.com\/wp-content\/uploads\/2025\/10\/NOTA-VIDEO-1-1-768x432.jpg 768w, https:\/\/www.lodelmomentoloja.com\/wp-content\/uploads\/2025\/10\/NOTA-VIDEO-1-1-640x360.jpg 640w, https:\/\/www.lodelmomentoloja.com\/wp-content\/uploads\/2025\/10\/NOTA-VIDEO-1-1-1536x864.jpg 1536w, https:\/\/www.lodelmomentoloja.com\/wp-content\/uploads\/2025\/10\/NOTA-VIDEO-1-1.jpg 1920w\" sizes=\"(max-width: 1095px) 100vw, 1095px\" \/><\/p>\n<p>\ud83d\ude28<\/span><\/span><span class=\"x19la9d6 x1fc57z9 x6ikm8r x10wlt62 x19co3pv x1g5zs5t xfibh0p xiy17q3 x1xsqp64 x1lkfr7t xexx8yu xyri2b x18d9i69 x1c1uobl\"><span class=\"xrtxmta x1bhl96m\">\ud83d\udcb8<\/span><\/span><span class=\"x19la9d6 x1fc57z9 x6ikm8r x10wlt62 x19co3pv x1g5zs5t xfibh0p xiy17q3 x1xsqp64 x1lkfr7t xexx8yu xyri2b x18d9i69 x1c1uobl\"><span class=\"xrtxmta x1bhl96m\">\ud83d\udde3\ufe0f<\/span><\/span><span class=\"selectable-text copyable-text xkrh14z\"> \u00a1De no creer! Una periodista lojana ha sido aparentemente v\u00edctima de un maltrato por parte de su jefe, quien, a m\u00e1s de ello, no le han cancelado su sueldo por varios meses, sin embargo, lo m\u00e1s curioso, es que solo con ella existir\u00eda esta deferencia, en el siguiente reportaje todos los detalles.<\/span><\/p>\n<div style=\"width: 640px;\" class=\"wp-video\"><!--[if lt IE 9]><script>document.createElement('video');<\/script><![endif]-->\n<video class=\"wp-video-shortcode\" id=\"video-28144-1\" width=\"640\" height=\"360\" preload=\"metadata\" controls=\"controls\"><source type=\"video\/mp4\" src=\"http:\/\/www.lodelmomentoloja.com\/wp-content\/uploads\/2025\/10\/DENUNCIA-A-PERIODISTA-LOJANO-REDUCIDO.mp4?_=1\" \/><a href=\"http:\/\/www.lodelmomentoloja.com\/wp-content\/uploads\/2025\/10\/DENUNCIA-A-PERIODISTA-LOJANO-REDUCIDO.mp4\">http:\/\/www.lodelmomentoloja.com\/wp-content\/uploads\/2025\/10\/DENUNCIA-A-PERIODISTA-LOJANO-REDUCIDO.mp4<\/a><\/video><\/div>\n<p>En esta ocasi\u00f3n, la afectada ser\u00eda Johanna CH., quien desempe\u00f1a roles period\u00edsticos en una cadena televisiva local, ella relata que son varios meses los que se le adeudar\u00edan, y lo m\u00e1s curioso, es que solo con ella existe esta deferencia; sin embargo, la necesidad ha hecho que la afectada realice constantes s\u00faplicas y como respuesta, solo ha recibido son tratos despectivos.<\/p>\n<p>Ahora, ha periodista ha decidido tomar acciones legales a fin de que sean las autoridades quienes tomen cartas en el asunto, pero lejos llegar a un acuerdo, Johanna se\u00f1ala que los malos tratos siguen incrementando y no han podido llegar a ning\u00fan arreglo.<\/p>\n<p>En todo este inconveniente, se logr\u00f3 generar la entregada de la notificaci\u00f3n para que el representante del medio pueda contestar dicha acci\u00f3n legal, pero este se habr\u00eda ausentado del pa\u00eds durante algunos d\u00edas por motivo de un tour en el extranjero realizado por parte de la agencia de viajes que tambi\u00e9n es de su propiedad, provocando que la audiencia sea postergada, a la espera de que el comunicador se encuentre en el pa\u00eds.<\/p>\n<p>Johanna Ch. hace un llamado a las autoridades para que tomen las medidas correspondientes y evitar que su caso no quede en la impunidad, ya que, esta no ser\u00eda la primera ocasi\u00f3n en que el periodista se ve involucrado en casos similares, sin embargo, por el temor de las autoridades a las represalias que pueda tomar el involucrado limitan que las investigaciones prosperen.<\/p>\n<p>Ahora la afectada espera que las autoridades hagan justicia en este caso para evitar que nuevas personas tengan que enfrentar situaciones similares.<\/p>\n<p class=\"selectable-text copyable-text x15bjb6t x1n2onr6\"><span class=\"x19la9d6 x1fc57z9 x6ikm8r x10wlt62 x19co3pv x1g5zs5t xfibh0p xiy17q3 x1xsqp64 x1lkfr7t xexx8yu xyri2b x18d9i69 x1c1uobl\"><span class=\"xrtxmta x1bhl96m\">\ud83c\udf10<\/span><\/span><span class=\"x19la9d6 x1fc57z9 x6ikm8r x10wlt62 x19co3pv x1g5zs5t xfibh0p xiy17q3 x1xsqp64 x1lkfr7t xexx8yu xyri2b x18d9i69 x1c1uobl\"><span class=\"xrtxmta x1bhl96m\">\u2705<\/span><\/span><span class=\"selectable-text copyable-text xkrh14z\"> S\u00edguenos en nuestra p\u00e1gina verificada: <\/span><span class=\"selectable-text copyable-text xkrh14z\">https:\/\/www.facebook.com\/lodelmomentolojaEC<\/span><\/p>\n<p class=\"selectable-text copyable-text x15bjb6t x1n2onr6\"><span class=\"selectable-text copyable-text xkrh14z\">www.lodelmomentoloja.com<\/span><\/p>\n<p class=\"selectable-text copyable-text x15bjb6t x1n2onr6\"><span class=\"selectable-text copyable-text xkrh14z\">#LDMnoticias #lodelmomentolojaLDM<\/span><\/p>\n","protected":false},"excerpt":{"rendered":"<p>\ud83d\ude28\ud83d\udcb8\ud83d\udde3\ufe0f \u00a1De no creer! Una periodista lojana ha sido aparentemente v\u00edctima de un maltrato por&#8230;<\/p>\n","protected":false},"author":1,"featured_media":0,"comment_status":"open","ping_status":"open","sticky":false,"template":"","format":"standard","meta":{"footnotes":""},"categories":[7,1,5],"tags":[],"class_list":["post-28144","post","type-post","status-publish","format-standard","hentry","category-ecuador","category-inicio","category-loja"],"_links":{"self":[{"href":"https:\/\/www.lodelmomentoloja.com\/index.php?rest_route=\/wp\/v2\/posts\/28144"}],"collection":[{"href":"https:\/\/www.lodelmomentoloja.com\/index.php?rest_route=\/wp\/v2\/posts"}],"about":[{"href":"https:\/\/www.lodelmomentoloja.com\/index.php?rest_route=\/wp\/v2\/types\/post"}],"author":[{"embeddable":true,"href":"https:\/\/www.lodelmomentoloja.com\/index.php?rest_route=\/wp\/v2\/users\/1"}],"replies":[{"embeddable":true,"href":"https:\/\/www.lodelmomentoloja.com\/index.php?rest_route=%2Fwp%2Fv2%2Fcomments&post=28144"}],"version-history":[{"count":1,"href":"https:\/\/www.lodelmomentoloja.com\/index.php?rest_route=\/wp\/v2\/posts\/28144\/revisions"}],"predecessor-version":[{"id":28147,"href":"https:\/\/www.lodelmomentoloja.com\/index.php?rest_route=\/wp\/v2\/posts\/28144\/revisions\/28147"}],"wp:attachment":[{"href":"https:\/\/www.lodelmomentoloja.com\/index.php?rest_route=%2Fwp%2Fv2%2Fmedia&parent=28144"}],"wp:term":[{"taxonomy":"category","embeddable":true,"href":"https:\/\/www.lodelmomentoloja.com\/index.php?rest_route=%2Fwp%2Fv2%2Fcategories&post=28144"},{"taxonomy":"post_tag","embeddable":true,"href":"https:\/\/www.lodelmomentoloja.com\/index.php?rest_route=%2Fwp%2Fv2%2Ftags&post=28144"}],"curies":[{"name":"wp","href":"https:\/\/api.w.org\/{rel}","templated":true}]}}