{"id":28135,"date":"2025-10-02T10:45:49","date_gmt":"2025-10-02T10:45:49","guid":{"rendered":"https:\/\/www.lodelmomentoloja.com\/?p=28135"},"modified":"2025-10-02T15:47:12","modified_gmt":"2025-10-02T15:47:12","slug":"ministro-reimberg-cuestiona-la-veracidad-del-video-sobre-el-f4ll3c1mi3nt0-de-un-comunero","status":"publish","type":"post","link":"https:\/\/www.lodelmomentoloja.com\/?p=28135","title":{"rendered":"MINISTRO REIMBERG CUESTIONA LA VERACIDAD DEL VIDEO SOBRE EL F4LL3C1MI3NT0 DE UN COMUNERO"},"content":{"rendered":"<p>\ud83d\ude31\ud83d\udea8\ud83d\udde3\ufe0f\u00a1En tela de duda! En una entrevista con la cadena internacional CNN, el periodista Fernando del Rinc\u00f3n, pregunt\u00f3 al Ministro del Interior John Reimberg, si consideraba correcto el actuar de las Fuerzas Armadas, frente al f4ll3c1m13nto de un comunero durante las manifestaciones de septiembre 2025, en el cual el representante ecuatoriano contest\u00f3 que &#8220;Primero hay que ver si el video (en redes sociales) pertenece a los sucesos de ese d\u00eda y no es un video que pertenece a otra fecha. Adem\u00e1s de que tiene que ser periciado&#8221;.<\/p>\n<p>\ud83c\udf10\u2705 S\u00edguenos en nuestra p\u00e1gina verificada: https:\/\/www.facebook.com\/lodelmomentolojaEC<\/p>\n<p>www.lodelmomentoloja.com<br \/>\n<a class=\"x1i10hfl xjbqb8w x1ejq31n x18oe1m7 x1sy0etr xstzfhl x972fbf x10w94by x1qhh985 x14e42zd x9f619 x1ypdohk xt0psk2 x3ct3a4 xdj266r x14z9mp xat24cr x1lziwak xexx8yu xyri2b x18d9i69 x1c1uobl x16tdsg8 x1hl2dhg xggy1nq x1a2a7pz  _aa9_ _a6hd\" tabindex=\"0\" role=\"link\" href=\"https:\/\/www.instagram.com\/explore\/tags\/ldmnoticias\/\">#LDMnoticias<\/a>\u00a0<a class=\"x1i10hfl xjbqb8w x1ejq31n x18oe1m7 x1sy0etr xstzfhl x972fbf x10w94by x1qhh985 x14e42zd x9f619 x1ypdohk xt0psk2 x3ct3a4 xdj266r x14z9mp xat24cr x1lziwak xexx8yu xyri2b x18d9i69 x1c1uobl x16tdsg8 x1hl2dhg xggy1nq x1a2a7pz  _aa9_ _a6hd\" tabindex=\"0\" role=\"link\" href=\"https:\/\/www.instagram.com\/explore\/tags\/lodelmomentolojaldm\/\">#lodelmomentolojaLDM<\/a><\/p>\n","protected":false},"excerpt":{"rendered":"<p>\ud83d\ude31\ud83d\udea8\ud83d\udde3\ufe0f\u00a1En tela de duda! En una entrevista con la cadena internacional CNN, el periodista Fernando&#8230;<\/p>\n","protected":false},"author":1,"featured_media":28136,"comment_status":"open","ping_status":"open","sticky":false,"template":"","format":"standard","meta":{"footnotes":""},"categories":[7,1,4],"tags":[],"class_list":["post-28135","post","type-post","status-publish","format-standard","has-post-thumbnail","hentry","category-ecuador","category-inicio","category-internacional"],"_links":{"self":[{"href":"https:\/\/www.lodelmomentoloja.com\/index.php?rest_route=\/wp\/v2\/posts\/28135"}],"collection":[{"href":"https:\/\/www.lodelmomentoloja.com\/index.php?rest_route=\/wp\/v2\/posts"}],"about":[{"href":"https:\/\/www.lodelmomentoloja.com\/index.php?rest_route=\/wp\/v2\/types\/post"}],"author":[{"embeddable":true,"href":"https:\/\/www.lodelmomentoloja.com\/index.php?rest_route=\/wp\/v2\/users\/1"}],"replies":[{"embeddable":true,"href":"https:\/\/www.lodelmomentoloja.com\/index.php?rest_route=%2Fwp%2Fv2%2Fcomments&post=28135"}],"version-history":[{"count":1,"href":"https:\/\/www.lodelmomentoloja.com\/index.php?rest_route=\/wp\/v2\/posts\/28135\/revisions"}],"predecessor-version":[{"id":28137,"href":"https:\/\/www.lodelmomentoloja.com\/index.php?rest_route=\/wp\/v2\/posts\/28135\/revisions\/28137"}],"wp:featuredmedia":[{"embeddable":true,"href":"https:\/\/www.lodelmomentoloja.com\/index.php?rest_route=\/wp\/v2\/media\/28136"}],"wp:attachment":[{"href":"https:\/\/www.lodelmomentoloja.com\/index.php?rest_route=%2Fwp%2Fv2%2Fmedia&parent=28135"}],"wp:term":[{"taxonomy":"category","embeddable":true,"href":"https:\/\/www.lodelmomentoloja.com\/index.php?rest_route=%2Fwp%2Fv2%2Fcategories&post=28135"},{"taxonomy":"post_tag","embeddable":true,"href":"https:\/\/www.lodelmomentoloja.com\/index.php?rest_route=%2Fwp%2Fv2%2Ftags&post=28135"}],"curies":[{"name":"wp","href":"https:\/\/api.w.org\/{rel}","templated":true}]}}