{"id":28105,"date":"2025-10-01T13:43:54","date_gmt":"2025-10-01T13:43:54","guid":{"rendered":"https:\/\/www.lodelmomentoloja.com\/?p=28105"},"modified":"2025-10-01T19:45:07","modified_gmt":"2025-10-01T19:45:07","slug":"pueblos-kwichas-anuncia-tregua-temporal-en-el-paro-nacional","status":"publish","type":"post","link":"https:\/\/www.lodelmomentoloja.com\/?p=28105","title":{"rendered":"PUEBLOS KWICHAS ANUNCIA TREGUA TEMPORAL EN EL PARO NACIONAL"},"content":{"rendered":"<p>\ud83d\ude31\ud83d\udde3\ufe0f\ud83d\udc4a\ud83c\udffb\u00bfLlegar\u00e1n a un acuerdo? La Federaci\u00f3n de los Pueblos Kichwa de la Sierra Norte de Ecuador (Chijallta Fici) anunci\u00f3 este mi\u00e9rcoles 1 de octubre de 2025 una tregua temporal en el paro convocado por la CONAIE, que inici\u00f3 en rechazo al fin del subsidio al di\u00e9sel. La decisi\u00f3n se comunic\u00f3 mediante un bolet\u00edn oficial, en el que la organizaci\u00f3n se\u00f1ala que la suspensi\u00f3n de las movilizaciones es un \u201cgesto de buena fe y voluntad de di\u00e1logo con el Gobierno nacional\u201d. La organizaci\u00f3n agrupa a los pueblos Karanki, Natabuela, Imantag, Otavalo y Kayambi del norte del pa\u00eds. Estas comunidades se movilizan desde el 22 de septiembre y concentran sus actividades principalmente en la provincia de Imbabura, considerada el epicentro del paro nacional convocado CONAIE.<\/p>\n<p>\ud83c\udf10\u2705 S\u00edguenos en nuestra p\u00e1gina verificada: https:\/\/www.facebook.com\/lodelmomentolojaEC<\/p>\n<p>www.lodelmomentoloja.com<br \/>\n<a class=\"x1i10hfl xjbqb8w x1ejq31n x18oe1m7 x1sy0etr xstzfhl x972fbf x10w94by x1qhh985 x14e42zd x9f619 x1ypdohk xt0psk2 x3ct3a4 xdj266r x14z9mp xat24cr x1lziwak xexx8yu xyri2b x18d9i69 x1c1uobl x16tdsg8 x1hl2dhg xggy1nq x1a2a7pz  _aa9_ _a6hd\" tabindex=\"0\" role=\"link\" href=\"https:\/\/www.instagram.com\/explore\/tags\/ldmnoticias\/\">#LDMnoticias<\/a>\u00a0<a class=\"x1i10hfl xjbqb8w x1ejq31n x18oe1m7 x1sy0etr xstzfhl x972fbf x10w94by x1qhh985 x14e42zd x9f619 x1ypdohk xt0psk2 x3ct3a4 xdj266r x14z9mp xat24cr x1lziwak xexx8yu xyri2b x18d9i69 x1c1uobl x16tdsg8 x1hl2dhg xggy1nq x1a2a7pz  _aa9_ _a6hd\" tabindex=\"0\" role=\"link\" href=\"https:\/\/www.instagram.com\/explore\/tags\/lodelmomentolojaldm\/\">#lodelmomentolojaLDM<\/a><\/p>\n","protected":false},"excerpt":{"rendered":"<p>\ud83d\ude31\ud83d\udde3\ufe0f\ud83d\udc4a\ud83c\udffb\u00bfLlegar\u00e1n a un acuerdo? La Federaci\u00f3n de los Pueblos Kichwa de la Sierra Norte de&#8230;<\/p>\n","protected":false},"author":1,"featured_media":28106,"comment_status":"open","ping_status":"open","sticky":false,"template":"","format":"standard","meta":{"footnotes":""},"categories":[7,1],"tags":[],"class_list":["post-28105","post","type-post","status-publish","format-standard","has-post-thumbnail","hentry","category-ecuador","category-inicio"],"_links":{"self":[{"href":"https:\/\/www.lodelmomentoloja.com\/index.php?rest_route=\/wp\/v2\/posts\/28105"}],"collection":[{"href":"https:\/\/www.lodelmomentoloja.com\/index.php?rest_route=\/wp\/v2\/posts"}],"about":[{"href":"https:\/\/www.lodelmomentoloja.com\/index.php?rest_route=\/wp\/v2\/types\/post"}],"author":[{"embeddable":true,"href":"https:\/\/www.lodelmomentoloja.com\/index.php?rest_route=\/wp\/v2\/users\/1"}],"replies":[{"embeddable":true,"href":"https:\/\/www.lodelmomentoloja.com\/index.php?rest_route=%2Fwp%2Fv2%2Fcomments&post=28105"}],"version-history":[{"count":1,"href":"https:\/\/www.lodelmomentoloja.com\/index.php?rest_route=\/wp\/v2\/posts\/28105\/revisions"}],"predecessor-version":[{"id":28107,"href":"https:\/\/www.lodelmomentoloja.com\/index.php?rest_route=\/wp\/v2\/posts\/28105\/revisions\/28107"}],"wp:featuredmedia":[{"embeddable":true,"href":"https:\/\/www.lodelmomentoloja.com\/index.php?rest_route=\/wp\/v2\/media\/28106"}],"wp:attachment":[{"href":"https:\/\/www.lodelmomentoloja.com\/index.php?rest_route=%2Fwp%2Fv2%2Fmedia&parent=28105"}],"wp:term":[{"taxonomy":"category","embeddable":true,"href":"https:\/\/www.lodelmomentoloja.com\/index.php?rest_route=%2Fwp%2Fv2%2Fcategories&post=28105"},{"taxonomy":"post_tag","embeddable":true,"href":"https:\/\/www.lodelmomentoloja.com\/index.php?rest_route=%2Fwp%2Fv2%2Ftags&post=28105"}],"curies":[{"name":"wp","href":"https:\/\/api.w.org\/{rel}","templated":true}]}}