{"id":28089,"date":"2025-10-01T08:13:01","date_gmt":"2025-10-01T08:13:01","guid":{"rendered":"https:\/\/www.lodelmomentoloja.com\/?p=28089"},"modified":"2025-10-01T14:14:03","modified_gmt":"2025-10-01T14:14:03","slug":"conaie-solicito-juicio-politico-contra-los-ministros-loffredo-y-reimberg","status":"publish","type":"post","link":"https:\/\/www.lodelmomentoloja.com\/?p=28089","title":{"rendered":"CONAIE SOLICIT\u00d3 JUICIO POL\u00cdTICO CONTRA LOS MINISTROS LOFFREDO Y REIMBERG."},"content":{"rendered":"<p>\ud83d\ude31\ud83d\udea8\ud83d\udde3\ufe0f\u00a1Los quieren fuera! La Confederaci\u00f3n de Nacionalidades Ind\u00edgenas del Ecuador (CONAIE), liderada por Marlon Vargas, solicit\u00f3 a la Asamblea Nacional iniciar un juicio pol\u00edtico contra los ministros de Defensa, Gian Carlo Loffredo, y del Interior, Jhon Reimberg, por las acciones de los mismos durante el paro nacional. Adem\u00e1s, dicha organizaci\u00f3n, pidi\u00f3 la observaci\u00f3n de organismos internacionales, como la ONU y la OEA, para dar seguimiento al desarrollo de los hechos y a la situaci\u00f3n de los ciudadanos durante las manifestaciones.<\/p>\n<p>\ud83c\udf10\u2705 S\u00edguenos en nuestra p\u00e1gina verificada: https:\/\/www.facebook.com\/lodelmomentolojaEC<\/p>\n<p>www.lodelmomentoloja.com<br \/>\n#LDMnoticias #lodelmomentolojaLDM<\/p>\n","protected":false},"excerpt":{"rendered":"<p>\ud83d\ude31\ud83d\udea8\ud83d\udde3\ufe0f\u00a1Los quieren fuera! La Confederaci\u00f3n de Nacionalidades Ind\u00edgenas del Ecuador (CONAIE), liderada por Marlon Vargas,&#8230;<\/p>\n","protected":false},"author":1,"featured_media":28090,"comment_status":"open","ping_status":"open","sticky":false,"template":"","format":"standard","meta":{"footnotes":""},"categories":[7,1],"tags":[],"class_list":["post-28089","post","type-post","status-publish","format-standard","has-post-thumbnail","hentry","category-ecuador","category-inicio"],"_links":{"self":[{"href":"https:\/\/www.lodelmomentoloja.com\/index.php?rest_route=\/wp\/v2\/posts\/28089"}],"collection":[{"href":"https:\/\/www.lodelmomentoloja.com\/index.php?rest_route=\/wp\/v2\/posts"}],"about":[{"href":"https:\/\/www.lodelmomentoloja.com\/index.php?rest_route=\/wp\/v2\/types\/post"}],"author":[{"embeddable":true,"href":"https:\/\/www.lodelmomentoloja.com\/index.php?rest_route=\/wp\/v2\/users\/1"}],"replies":[{"embeddable":true,"href":"https:\/\/www.lodelmomentoloja.com\/index.php?rest_route=%2Fwp%2Fv2%2Fcomments&post=28089"}],"version-history":[{"count":1,"href":"https:\/\/www.lodelmomentoloja.com\/index.php?rest_route=\/wp\/v2\/posts\/28089\/revisions"}],"predecessor-version":[{"id":28091,"href":"https:\/\/www.lodelmomentoloja.com\/index.php?rest_route=\/wp\/v2\/posts\/28089\/revisions\/28091"}],"wp:featuredmedia":[{"embeddable":true,"href":"https:\/\/www.lodelmomentoloja.com\/index.php?rest_route=\/wp\/v2\/media\/28090"}],"wp:attachment":[{"href":"https:\/\/www.lodelmomentoloja.com\/index.php?rest_route=%2Fwp%2Fv2%2Fmedia&parent=28089"}],"wp:term":[{"taxonomy":"category","embeddable":true,"href":"https:\/\/www.lodelmomentoloja.com\/index.php?rest_route=%2Fwp%2Fv2%2Fcategories&post=28089"},{"taxonomy":"post_tag","embeddable":true,"href":"https:\/\/www.lodelmomentoloja.com\/index.php?rest_route=%2Fwp%2Fv2%2Ftags&post=28089"}],"curies":[{"name":"wp","href":"https:\/\/api.w.org\/{rel}","templated":true}]}}