{"id":28085,"date":"2025-09-30T17:08:16","date_gmt":"2025-09-30T17:08:16","guid":{"rendered":"https:\/\/www.lodelmomentoloja.com\/?p=28085"},"modified":"2025-09-30T22:09:46","modified_gmt":"2025-09-30T22:09:46","slug":"asambleista-alterno-de-adn-compra-acciones-de-medios-informativos-por-mas-de-usd-2-millones","status":"publish","type":"post","link":"https:\/\/www.lodelmomentoloja.com\/?p=28085","title":{"rendered":"Asamble\u00edsta alterno de ADN compra acciones de medios informativos por m\u00e1s de USD 2 millones"},"content":{"rendered":"<p class=\"selectable-text copyable-text x15bjb6t x1n2onr6\"><span class=\"x19la9d6 x1fc57z9 x6ikm8r x10wlt62 x19co3pv x1g5zs5t xfibh0p xiy17q3 x1xsqp64 x1lkfr7t xexx8yu xyri2b x18d9i69 x1c1uobl\"><span class=\"xrtxmta x1bhl96m\"><img loading=\"lazy\" decoding=\"async\" class=\"wp-image-28087 aligncenter\" src=\"http:\/\/www.lodelmomentoloja.com\/wp-content\/uploads\/2025\/09\/NOTICIA-VIVI-3-300x169.jpg\" alt=\"\" width=\"1069\" height=\"602\" srcset=\"https:\/\/www.lodelmomentoloja.com\/wp-content\/uploads\/2025\/09\/NOTICIA-VIVI-3-300x169.jpg 300w, https:\/\/www.lodelmomentoloja.com\/wp-content\/uploads\/2025\/09\/NOTICIA-VIVI-3-1024x576.jpg 1024w, https:\/\/www.lodelmomentoloja.com\/wp-content\/uploads\/2025\/09\/NOTICIA-VIVI-3-768x432.jpg 768w, https:\/\/www.lodelmomentoloja.com\/wp-content\/uploads\/2025\/09\/NOTICIA-VIVI-3-640x360.jpg 640w, https:\/\/www.lodelmomentoloja.com\/wp-content\/uploads\/2025\/09\/NOTICIA-VIVI-3-1536x864.jpg 1536w, https:\/\/www.lodelmomentoloja.com\/wp-content\/uploads\/2025\/09\/NOTICIA-VIVI-3.jpg 1920w\" sizes=\"(max-width: 1069px) 100vw, 1069px\" \/><\/p>\n<p>\ud83e\udef0\ud83c\udffb<\/span><\/span><span class=\"x19la9d6 x1fc57z9 x6ikm8r x10wlt62 x19co3pv x1g5zs5t xfibh0p xiy17q3 x1xsqp64 x1lkfr7t xexx8yu xyri2b x18d9i69 x1c1uobl\"><span class=\"xrtxmta x1bhl96m\">\u270d\ud83c\udffb<\/span><\/span><span class=\"x19la9d6 x1fc57z9 x6ikm8r x10wlt62 x19co3pv x1g5zs5t xfibh0p xiy17q3 x1xsqp64 x1lkfr7t xexx8yu xyri2b x18d9i69 x1c1uobl\"><span class=\"xrtxmta x1bhl96m\">\ud83e\uddd0<\/span><\/span><span class=\"selectable-text copyable-text xkrh14z\"> \u00a1En el ojo del hurac\u00e1n! Luis Alvarado Campi, asamble\u00edsta alterno de ADN caus\u00f3 controversia por la compra de dos medios de comunicaci\u00f3n. El legislador consta como accionista de una compa\u00f1\u00eda constituida con USD 50.00 de capital que adquiri\u00f3 acciones del medio digital La Posta y Radio Centro por m\u00e1s de USD 2 millones.<\/span><\/p>\n<p class=\"selectable-text copyable-text x15bjb6t x1n2onr6\">\n<div style=\"width: 640px;\" class=\"wp-video\"><!--[if lt IE 9]><script>document.createElement('video');<\/script><![endif]-->\n<video class=\"wp-video-shortcode\" id=\"video-28085-1\" width=\"640\" height=\"360\" preload=\"metadata\" controls=\"controls\"><source type=\"video\/mp4\" src=\"http:\/\/www.lodelmomentoloja.com\/wp-content\/uploads\/2025\/09\/ADQUISICI_N-DE-ACCIONES-REDUCIDO.mp4?_=1\" \/><a href=\"http:\/\/www.lodelmomentoloja.com\/wp-content\/uploads\/2025\/09\/ADQUISICI_N-DE-ACCIONES-REDUCIDO.mp4\">http:\/\/www.lodelmomentoloja.com\/wp-content\/uploads\/2025\/09\/ADQUISICI_N-DE-ACCIONES-REDUCIDO.mp4<\/a><\/video><\/div>\n<p>Seg\u00fan la Superintendencia de Compa\u00f1\u00edas, Alvarado es el \u00fanico accionista de Galamedios, empresa constituida en julio de 2025 y en el mes de agosto, la compa\u00f1\u00eda se convirti\u00f3 en la propietaria de los dos medios de comunicaci\u00f3n.<\/p>\n<p>De acuerdo con Fundamedios, La Posta, liderada por Andersson Bosc\u00e1n y Luis Eduardo Vivanco tuvo un costo de USD 1 mill\u00f3n a pagarse en tres desembolsos: USD 500.000 al firmar el contrato, USD 300.000 para el 2026 y USD 200.000 en 2027. Mientras que, para Radio Centro, la transacci\u00f3n incluy\u00f3 800 acciones ordinarias por un valor de USD 1,600 millones.<\/p>\n<p>Una adquisici\u00f3n que ha generado muchas dudas, sobre todo, porque estos medios de comunicaci\u00f3n ahora estar\u00edan bajo control de figuras cercana al Gobierno Nacional. Pero no es todo, Fundamedios tambi\u00e9n cuestiona esta compra debido a su declaraci\u00f3n patrimonial que fue de USD 660.00 y la compra oscilar\u00eda los USD 2 millones.<\/p>\n<p>Sin embargo, ante la especulaci\u00f3n sobre los representantes de ambos medios se pronunciaron al respecto.<\/p>\n<p>Juan Xavier Benedeti, director de Radio Centro dijo lo siguiente.<\/p>\n<p>Por su lado, Luis Eduardo Vivanco indic\u00f3 que el portal si fue vendido por segunda vez. \u201cSe vendi\u00f3 hace casi dos meses y nada ha cambiado, como pueden ver en nuestro contenido. As\u00ed seguir\u00e1\u201d, escribi\u00f3 en su cuenta de X.<\/p>\n<p>Para Fundamedios, dichas adquisiciones consolidan la participaci\u00f3n activa de un pol\u00edtico de ADN en medios de comunicaci\u00f3n de alcance nacional lo que despierta debates sobre pluralidad, independencia editorial y concentraci\u00f3n medi\u00e1tica en Ecuador.<\/p>\n<p class=\"selectable-text copyable-text x15bjb6t x1n2onr6\"><span class=\"x19la9d6 x1fc57z9 x6ikm8r x10wlt62 x19co3pv x1g5zs5t xfibh0p xiy17q3 x1xsqp64 x1lkfr7t xexx8yu xyri2b x18d9i69 x1c1uobl\"><span class=\"xrtxmta x1bhl96m\">\ud83c\udf10<\/span><\/span><span class=\"x19la9d6 x1fc57z9 x6ikm8r x10wlt62 x19co3pv x1g5zs5t xfibh0p xiy17q3 x1xsqp64 x1lkfr7t xexx8yu xyri2b x18d9i69 x1c1uobl\"><span class=\"xrtxmta x1bhl96m\">\u2705<\/span><\/span><span class=\"selectable-text copyable-text xkrh14z\"> S\u00edguenos en nuestra p\u00e1gina verificada: <\/span><span class=\"selectable-text copyable-text xkrh14z\">https:\/\/www.facebook.com\/lodelmomentolojaEC<\/span><\/p>\n<p class=\"selectable-text copyable-text x15bjb6t x1n2onr6\"><span class=\"selectable-text copyable-text xkrh14z\">www.lodelmomentoloja.com<\/span><\/p>\n<p class=\"selectable-text copyable-text x15bjb6t x1n2onr6\"><span class=\"selectable-text copyable-text xkrh14z\">#LDMnoticias #lodelmomentolojaLDM<\/span><\/p>\n","protected":false},"excerpt":{"rendered":"<p>\ud83e\udef0\ud83c\udffb\u270d\ud83c\udffb\ud83e\uddd0 \u00a1En el ojo del hurac\u00e1n! Luis Alvarado Campi, asamble\u00edsta alterno de ADN caus\u00f3 controversia&#8230;<\/p>\n","protected":false},"author":1,"featured_media":0,"comment_status":"open","ping_status":"open","sticky":false,"template":"","format":"standard","meta":{"footnotes":""},"categories":[7,1],"tags":[],"class_list":["post-28085","post","type-post","status-publish","format-standard","hentry","category-ecuador","category-inicio"],"_links":{"self":[{"href":"https:\/\/www.lodelmomentoloja.com\/index.php?rest_route=\/wp\/v2\/posts\/28085"}],"collection":[{"href":"https:\/\/www.lodelmomentoloja.com\/index.php?rest_route=\/wp\/v2\/posts"}],"about":[{"href":"https:\/\/www.lodelmomentoloja.com\/index.php?rest_route=\/wp\/v2\/types\/post"}],"author":[{"embeddable":true,"href":"https:\/\/www.lodelmomentoloja.com\/index.php?rest_route=\/wp\/v2\/users\/1"}],"replies":[{"embeddable":true,"href":"https:\/\/www.lodelmomentoloja.com\/index.php?rest_route=%2Fwp%2Fv2%2Fcomments&post=28085"}],"version-history":[{"count":1,"href":"https:\/\/www.lodelmomentoloja.com\/index.php?rest_route=\/wp\/v2\/posts\/28085\/revisions"}],"predecessor-version":[{"id":28088,"href":"https:\/\/www.lodelmomentoloja.com\/index.php?rest_route=\/wp\/v2\/posts\/28085\/revisions\/28088"}],"wp:attachment":[{"href":"https:\/\/www.lodelmomentoloja.com\/index.php?rest_route=%2Fwp%2Fv2%2Fmedia&parent=28085"}],"wp:term":[{"taxonomy":"category","embeddable":true,"href":"https:\/\/www.lodelmomentoloja.com\/index.php?rest_route=%2Fwp%2Fv2%2Fcategories&post=28085"},{"taxonomy":"post_tag","embeddable":true,"href":"https:\/\/www.lodelmomentoloja.com\/index.php?rest_route=%2Fwp%2Fv2%2Ftags&post=28085"}],"curies":[{"name":"wp","href":"https:\/\/api.w.org\/{rel}","templated":true}]}}