{"id":28081,"date":"2025-09-30T13:48:21","date_gmt":"2025-09-30T13:48:21","guid":{"rendered":"https:\/\/www.lodelmomentoloja.com\/?p=28081"},"modified":"2025-09-30T18:54:06","modified_gmt":"2025-09-30T18:54:06","slug":"alcaldesa-diana-guayanay-interviene-la-vialidad-del-canton-loja","status":"publish","type":"post","link":"https:\/\/www.lodelmomentoloja.com\/?p=28081","title":{"rendered":"Alcaldesa Diana Guayanay interviene la vialidad del cant\u00f3n Loja"},"content":{"rendered":"<p class=\"selectable-text copyable-text x15bjb6t x1n2onr6\"><span class=\"x19la9d6 x1fc57z9 x6ikm8r x10wlt62 x19co3pv x1g5zs5t xfibh0p xiy17q3 x1xsqp64 x1lkfr7t xexx8yu xyri2b x18d9i69 x1c1uobl\"><span class=\"xrtxmta x1bhl96m\"><img loading=\"lazy\" decoding=\"async\" class=\"wp-image-28083 aligncenter\" src=\"http:\/\/www.lodelmomentoloja.com\/wp-content\/uploads\/2025\/09\/NOTA-3-300x169.jpg\" alt=\"\" width=\"1099\" height=\"619\" srcset=\"https:\/\/www.lodelmomentoloja.com\/wp-content\/uploads\/2025\/09\/NOTA-3-300x169.jpg 300w, https:\/\/www.lodelmomentoloja.com\/wp-content\/uploads\/2025\/09\/NOTA-3-1024x576.jpg 1024w, https:\/\/www.lodelmomentoloja.com\/wp-content\/uploads\/2025\/09\/NOTA-3-768x432.jpg 768w, https:\/\/www.lodelmomentoloja.com\/wp-content\/uploads\/2025\/09\/NOTA-3-640x360.jpg 640w, https:\/\/www.lodelmomentoloja.com\/wp-content\/uploads\/2025\/09\/NOTA-3-1536x864.jpg 1536w, https:\/\/www.lodelmomentoloja.com\/wp-content\/uploads\/2025\/09\/NOTA-3.jpg 1920w\" sizes=\"(max-width: 1099px) 100vw, 1099px\" \/><\/p>\n<p>\ud83d\udea7<\/span><\/span><span class=\"x19la9d6 x1fc57z9 x6ikm8r x10wlt62 x19co3pv x1g5zs5t xfibh0p xiy17q3 x1xsqp64 x1lkfr7t xexx8yu xyri2b x18d9i69 x1c1uobl\"><span class=\"xrtxmta x1bhl96m\">\ud83e\udd13<\/span><\/span><span class=\"x19la9d6 x1fc57z9 x6ikm8r x10wlt62 x19co3pv x1g5zs5t xfibh0p xiy17q3 x1xsqp64 x1lkfr7t xexx8yu xyri2b x18d9i69 x1c1uobl\"><span class=\"xrtxmta x1bhl96m\">\ud83d\udc4f\ud83c\udffb<\/span><\/span><span class=\"selectable-text copyable-text xkrh14z\"> \u00a1Por buen camino! Desde que Diana Guayanay asumi\u00f3 la Alcald\u00eda de Loja, el Municipio de Loja a trav\u00e9s de Obras P\u00fablicas, ejecuta el plan de mantenimiento vial con trabajos de rehabilitaci\u00f3n de la capa de rodadura en distintos puntos de la urbe; estos son algunos de los trabajos realizados hasta la fecha.<\/span><\/p>\n<div style=\"width: 640px;\" class=\"wp-video\"><!--[if lt IE 9]><script>document.createElement('video');<\/script><![endif]-->\n<video class=\"wp-video-shortcode\" id=\"video-28081-1\" width=\"640\" height=\"360\" preload=\"metadata\" controls=\"controls\"><source type=\"video\/mp4\" src=\"http:\/\/www.lodelmomentoloja.com\/wp-content\/uploads\/2025\/09\/VIALDIAD-DEL-CANT_N-LOJA-REDUCIDO.mp4?_=1\" \/><a href=\"http:\/\/www.lodelmomentoloja.com\/wp-content\/uploads\/2025\/09\/VIALDIAD-DEL-CANT_N-LOJA-REDUCIDO.mp4\">http:\/\/www.lodelmomentoloja.com\/wp-content\/uploads\/2025\/09\/VIALDIAD-DEL-CANT_N-LOJA-REDUCIDO.mp4<\/a><\/video><\/div>\n<p>Una de ellos es la Avenida Eugenio Espejo que permaneci\u00f3 inhabilitada durante 5 meses aproximadamente debido a filtraciones de agua y deslizamientos, priorizando la intersecci\u00f3n de la calle N\u00e1jaros, permitiendo habilitar el tr\u00e1nsito mientras la obra avanza.<\/p>\n<p>El mantenimiento tambi\u00e9n se realiza en la Avenida Manuel Carri\u00f3n Pinzano, los trabajos se realizan desde el redondel de El Bosque hasta el redondel junto a la gasolinera La Llave, sector El Pedestal. El proceso consiste en fresado, extracci\u00f3n de la capa antigua y colocaci\u00f3n de una nueva; primero, en direcci\u00f3n Norte-Sur y posteriormente Sur-Norte, asegurando que la v\u00eda permanezca parcialmente habilitada durante el mantenimiento.<\/p>\n<p>Adem\u00e1s, la Municipalidad fiscaliza la construcci\u00f3n de muros en la quebrada Shushuayco. De igual manera, se prev\u00e9 que el material de fresado sea utilizado para mejorar las v\u00edas de los barrios La Alborada y Borja.<\/p>\n<p>En el barrio Vicente Rocafuerte, avanzan los trabajos de construcci\u00f3n de la Multiplaca, la Municipalidad indica que, en la actualidad se ha concluido la edificaci\u00f3n del muro de soporte de 60m, los trabajos se encuentran en el 25% de la ejecuci\u00f3n. Un escenario similar se vive en el sector La Argelia con la construcci\u00f3n del puente de la Avenida Reinaldo Espinosa.<\/p>\n<p>La gesti\u00f3n del Municipio de Loja tambi\u00e9n se hace presente en la parroquia San Pedro de Vilcabamba donde tambi\u00e9n se ejecutan trabajos de mantenimiento en las calles de la parroquia.<\/p>\n<p>De igual manera, se tiene previsto aplicar la imprimaci\u00f3n en El Rosal, en la calle Sixto Dur\u00e1n Romero y, posteriormente colocar la carpeta asf\u00e1ltica. Adicional a ello, se prev\u00e9 intervenir la Avenida Cuxibamba y luego la Avenida Orillas del Zamora. Adem\u00e1s, se ejecutar\u00e1 la imprimaci\u00f3n de la v\u00eda principal en el sector Amable Mar\u00eda.<\/p>\n<p>El GAD Municipal inici\u00f3, adem\u00e1s, la reconstrucci\u00f3n de embaulado de la quebrada Viveros, en el sector La Tebaida y en la quebrada Violetas para en Punzara Grande.<\/p>\n<p>Con ello, la actual administraci\u00f3n da prioridad a las emergencias que enfrenta el cant\u00f3n para garantizar la movilidad en la ciudad.<\/p>\n<p class=\"selectable-text copyable-text x15bjb6t x1n2onr6\"><span class=\"x19la9d6 x1fc57z9 x6ikm8r x10wlt62 x19co3pv x1g5zs5t xfibh0p xiy17q3 x1xsqp64 x1lkfr7t xexx8yu xyri2b x18d9i69 x1c1uobl\"><span class=\"xrtxmta x1bhl96m\">\ud83c\udf10<\/span><\/span><span class=\"x19la9d6 x1fc57z9 x6ikm8r x10wlt62 x19co3pv x1g5zs5t xfibh0p xiy17q3 x1xsqp64 x1lkfr7t xexx8yu xyri2b x18d9i69 x1c1uobl\"><span class=\"xrtxmta x1bhl96m\">\u2705<\/span><\/span><span class=\"selectable-text copyable-text xkrh14z\"> S\u00edguenos en nuestra p\u00e1gina verificada: <\/span><span class=\"selectable-text copyable-text xkrh14z\">https:\/\/www.facebook.com\/lodelmomentolojaEC<\/span><\/p>\n<p class=\"selectable-text copyable-text x15bjb6t x1n2onr6\"><span class=\"selectable-text copyable-text xkrh14z\">www.lodelmomentoloja.com<\/span><\/p>\n<p class=\"selectable-text copyable-text x15bjb6t x1n2onr6\"><span class=\"selectable-text copyable-text xkrh14z\">#LDMnoticias #lodelmomentolojaLDM<\/span><\/p>\n","protected":false},"excerpt":{"rendered":"<p>\ud83d\udea7\ud83e\udd13\ud83d\udc4f\ud83c\udffb \u00a1Por buen camino! Desde que Diana Guayanay asumi\u00f3 la Alcald\u00eda de Loja, el Municipio&#8230;<\/p>\n","protected":false},"author":1,"featured_media":0,"comment_status":"open","ping_status":"open","sticky":false,"template":"","format":"standard","meta":{"footnotes":""},"categories":[7,1,5],"tags":[],"class_list":["post-28081","post","type-post","status-publish","format-standard","hentry","category-ecuador","category-inicio","category-loja"],"_links":{"self":[{"href":"https:\/\/www.lodelmomentoloja.com\/index.php?rest_route=\/wp\/v2\/posts\/28081"}],"collection":[{"href":"https:\/\/www.lodelmomentoloja.com\/index.php?rest_route=\/wp\/v2\/posts"}],"about":[{"href":"https:\/\/www.lodelmomentoloja.com\/index.php?rest_route=\/wp\/v2\/types\/post"}],"author":[{"embeddable":true,"href":"https:\/\/www.lodelmomentoloja.com\/index.php?rest_route=\/wp\/v2\/users\/1"}],"replies":[{"embeddable":true,"href":"https:\/\/www.lodelmomentoloja.com\/index.php?rest_route=%2Fwp%2Fv2%2Fcomments&post=28081"}],"version-history":[{"count":1,"href":"https:\/\/www.lodelmomentoloja.com\/index.php?rest_route=\/wp\/v2\/posts\/28081\/revisions"}],"predecessor-version":[{"id":28084,"href":"https:\/\/www.lodelmomentoloja.com\/index.php?rest_route=\/wp\/v2\/posts\/28081\/revisions\/28084"}],"wp:attachment":[{"href":"https:\/\/www.lodelmomentoloja.com\/index.php?rest_route=%2Fwp%2Fv2%2Fmedia&parent=28081"}],"wp:term":[{"taxonomy":"category","embeddable":true,"href":"https:\/\/www.lodelmomentoloja.com\/index.php?rest_route=%2Fwp%2Fv2%2Fcategories&post=28081"},{"taxonomy":"post_tag","embeddable":true,"href":"https:\/\/www.lodelmomentoloja.com\/index.php?rest_route=%2Fwp%2Fv2%2Ftags&post=28081"}],"curies":[{"name":"wp","href":"https:\/\/api.w.org\/{rel}","templated":true}]}}