{"id":2808,"date":"2021-03-02T13:00:14","date_gmt":"2021-03-02T13:00:14","guid":{"rendered":"http:\/\/www.lodelmomentoloja.com\/?p=2808"},"modified":"2021-03-02T18:10:18","modified_gmt":"2021-03-02T18:10:18","slug":"moreno-se-desafilia-de-alianza-pais","status":"publish","type":"post","link":"https:\/\/www.lodelmomentoloja.com\/?p=2808","title":{"rendered":"Moreno se desafilia de Alianza Pa\u00eds"},"content":{"rendered":"<p dir=\"ltr\">#Nacional\u00a0 | <b>Presidente Len\u00edn Moreno se desafilia del movimiento pol\u00edtico Alianza PAIS<\/b>.<\/p>\n<div align=\"left\">\n<p dir=\"ltr\">La decisi\u00f3n se da en medio de un proceso disciplinario que se abri\u00f3 al interior de la organizaci\u00f3n pol\u00edtica por &#8220;incumplir con el plan de gobierno&#8221;.<\/p>\n<\/div>\n<div align=\"left\">\n<p dir=\"ltr\">\nEste martes trascendi\u00f3 un documento en el que el CNE comunic\u00f3 este 1 de marzo al\u00a0<b>secretario ejecutivo de AP, Gustavo Baroja\u00a0<\/b>que el \u201cciudadano Len\u00edn Moreno Garc\u00e9s ha presentado la solicitud de desafiliaci\u00f3n\/renuncia del movimiento Alianza PAIS Patria Altiva y Soberana\u201d.<\/p>\n<p dir=\"ltr\">El primer mandatario quien asum\u00eda la presidencia nacional del Movimiento pol\u00edtico, a\u00fan no ha informado sobre esta situaci\u00f3n en sus redes sociales.<\/p>\n<\/div>\n<p dir=\"ltr\">\nwww.lodelmomentoloja.com<br \/>\n#LDMnoticias #lodelmomentolojaLDM<\/p>\n","protected":false},"excerpt":{"rendered":"<p>#Nacional\u00a0 | Presidente Len\u00edn Moreno se desafilia del movimiento pol\u00edtico Alianza PAIS. La decisi\u00f3n se&#8230;<\/p>\n","protected":false},"author":1,"featured_media":2809,"comment_status":"open","ping_status":"open","sticky":false,"template":"","format":"standard","meta":{"footnotes":""},"categories":[1],"tags":[],"class_list":["post-2808","post","type-post","status-publish","format-standard","has-post-thumbnail","hentry","category-inicio"],"_links":{"self":[{"href":"https:\/\/www.lodelmomentoloja.com\/index.php?rest_route=\/wp\/v2\/posts\/2808"}],"collection":[{"href":"https:\/\/www.lodelmomentoloja.com\/index.php?rest_route=\/wp\/v2\/posts"}],"about":[{"href":"https:\/\/www.lodelmomentoloja.com\/index.php?rest_route=\/wp\/v2\/types\/post"}],"author":[{"embeddable":true,"href":"https:\/\/www.lodelmomentoloja.com\/index.php?rest_route=\/wp\/v2\/users\/1"}],"replies":[{"embeddable":true,"href":"https:\/\/www.lodelmomentoloja.com\/index.php?rest_route=%2Fwp%2Fv2%2Fcomments&post=2808"}],"version-history":[{"count":1,"href":"https:\/\/www.lodelmomentoloja.com\/index.php?rest_route=\/wp\/v2\/posts\/2808\/revisions"}],"predecessor-version":[{"id":2810,"href":"https:\/\/www.lodelmomentoloja.com\/index.php?rest_route=\/wp\/v2\/posts\/2808\/revisions\/2810"}],"wp:featuredmedia":[{"embeddable":true,"href":"https:\/\/www.lodelmomentoloja.com\/index.php?rest_route=\/wp\/v2\/media\/2809"}],"wp:attachment":[{"href":"https:\/\/www.lodelmomentoloja.com\/index.php?rest_route=%2Fwp%2Fv2%2Fmedia&parent=2808"}],"wp:term":[{"taxonomy":"category","embeddable":true,"href":"https:\/\/www.lodelmomentoloja.com\/index.php?rest_route=%2Fwp%2Fv2%2Fcategories&post=2808"},{"taxonomy":"post_tag","embeddable":true,"href":"https:\/\/www.lodelmomentoloja.com\/index.php?rest_route=%2Fwp%2Fv2%2Ftags&post=2808"}],"curies":[{"name":"wp","href":"https:\/\/api.w.org\/{rel}","templated":true}]}}