{"id":28074,"date":"2025-09-30T10:55:31","date_gmt":"2025-09-30T10:55:31","guid":{"rendered":"https:\/\/www.lodelmomentoloja.com\/?p=28074"},"modified":"2025-09-30T15:57:15","modified_gmt":"2025-09-30T15:57:15","slug":"este-2025-se-cumplen-15-anos-del-intento-de-golpe-de-estado-a-rafael-correa","status":"publish","type":"post","link":"https:\/\/www.lodelmomentoloja.com\/?p=28074","title":{"rendered":"Este 2025 se cumplen 15 a\u00f1os del intento de Golpe de Estado a Rafael Correa"},"content":{"rendered":"<p class=\"selectable-text copyable-text x15bjb6t x1n2onr6\"><span class=\"x19la9d6 x1fc57z9 x6ikm8r x10wlt62 x19co3pv x1g5zs5t xfibh0p xiy17q3 x1xsqp64 x1lkfr7t xexx8yu xyri2b x18d9i69 x1c1uobl\"><span class=\"xrtxmta x1bhl96m\"><img loading=\"lazy\" decoding=\"async\" class=\"wp-image-28076 aligncenter\" src=\"http:\/\/www.lodelmomentoloja.com\/wp-content\/uploads\/2025\/09\/video-1-2-300x169.jpg\" alt=\"\" width=\"1044\" height=\"588\" srcset=\"https:\/\/www.lodelmomentoloja.com\/wp-content\/uploads\/2025\/09\/video-1-2-300x169.jpg 300w, https:\/\/www.lodelmomentoloja.com\/wp-content\/uploads\/2025\/09\/video-1-2-1024x576.jpg 1024w, https:\/\/www.lodelmomentoloja.com\/wp-content\/uploads\/2025\/09\/video-1-2-768x432.jpg 768w, https:\/\/www.lodelmomentoloja.com\/wp-content\/uploads\/2025\/09\/video-1-2-640x360.jpg 640w, https:\/\/www.lodelmomentoloja.com\/wp-content\/uploads\/2025\/09\/video-1-2-1536x864.jpg 1536w, https:\/\/www.lodelmomentoloja.com\/wp-content\/uploads\/2025\/09\/video-1-2.jpg 1920w\" sizes=\"(max-width: 1044px) 100vw, 1044px\" \/><\/p>\n<p>\ud83d\udea8<\/span><\/span><span class=\"x19la9d6 x1fc57z9 x6ikm8r x10wlt62 x19co3pv x1g5zs5t xfibh0p xiy17q3 x1xsqp64 x1lkfr7t xexx8yu xyri2b x18d9i69 x1c1uobl\"><span class=\"xrtxmta x1bhl96m\">\ud83c\uddea\ud83c\udde8<\/span><\/span><span class=\"x19la9d6 x1fc57z9 x6ikm8r x10wlt62 x19co3pv x1g5zs5t xfibh0p xiy17q3 x1xsqp64 x1lkfr7t xexx8yu xyri2b x18d9i69 x1c1uobl\"><span class=\"xrtxmta x1bhl96m\">\ud83d\udde3\ufe0f<\/span><\/span><span class=\"selectable-text copyable-text xkrh14z\"> \u00a1El 30S! Este 30 de septiembre se cumplen 15 a\u00f1os de uno de los episodios m\u00e1s cr\u00edticos en la historia reciente del Ecuador, el cual seg\u00fan el Gobierno del expresidente Rafael Correa fue un intento de Golpe de Estado. <\/span><\/p>\n<div style=\"width: 640px;\" class=\"wp-video\"><!--[if lt IE 9]><script>document.createElement('video');<\/script><![endif]-->\n<video class=\"wp-video-shortcode\" id=\"video-28074-1\" width=\"640\" height=\"360\" preload=\"metadata\" controls=\"controls\"><source type=\"video\/mp4\" src=\"http:\/\/www.lodelmomentoloja.com\/wp-content\/uploads\/2025\/09\/EL-30S-DE-2010-REDUCIDO.mp4?_=1\" \/><a href=\"http:\/\/www.lodelmomentoloja.com\/wp-content\/uploads\/2025\/09\/EL-30S-DE-2010-REDUCIDO.mp4\">http:\/\/www.lodelmomentoloja.com\/wp-content\/uploads\/2025\/09\/EL-30S-DE-2010-REDUCIDO.mp4<\/a><\/video><\/div>\n<p class=\"selectable-text copyable-text x15bjb6t x1n2onr6\">\n<p>La crisis comenz\u00f3 con una protesta policial un d\u00eda despu\u00e9s de que la Asamblea Nacional aprobara la Ley Org\u00e1nica de Servicio P\u00fablico (Losep), la cual eliminaba bonificaciones, premios, reconocimientos y beneficios que obten\u00edan los polic\u00edas y militares por ascensos y condecoraciones. Adem\u00e1s, estipulaba que, las instituciones educativas manejadas por las Fuerzas Armadas, Polic\u00eda Nacional, Aviaci\u00f3n Civil y m\u00e1s pasaban a ser manejadas por el Ministerio de Educaci\u00f3n.<\/p>\n<p>Durante la protesta hubo bloqueos de carreteras y manifestaciones A ello se sum\u00f3 un grupo de elementos de la Fuerza A\u00e9rea Ecuatoriana que, usando sus cuerpos como barrera, bloquearon la pista del Antiguo Aeropuerto Internacional Mariscal Sucre.<\/p>\n<p>El entonces presidente Correa acudi\u00f3 al Regimiento Quito N.\u00b0 1 pese a que personal de seguridad e inteligencia le sugirieron no hacerlo, horas despu\u00e9s, desde una las ventanas del edificio el exmandatario dar\u00eda uno de sus m\u00edticos discursos.<\/p>\n<p>Pero la v10l3nc14 escal\u00f3 r\u00e1pidamente y Correa fue trasladado hasta el hospital de la polic\u00eda desde donde decret\u00f3 el estado de excepci\u00f3n en todo el pa\u00eds, en medio del caos, los medios de comunicaci\u00f3n fueron censurados y el \u00fanico que brindaban informaci\u00f3n sobre los hechos era Ecuador TV.<\/p>\n<p>Sin embargo, horas despu\u00e9s el jefe del Comando Conjunto, Ernesto Gonz\u00e1lez respald\u00f3 a Correa.<\/p>\n<p>El operativo dur\u00f3 alrededor de 3 horas y miles de ciudadanos salieron a las calles, uno a favor del presidente y otros se tomaron las instalaciones de Ecuador TV y, en medio de una b4l4c3r4, el Correa fue retirado del hospital.<\/p>\n<p>El incidente dej\u00f3 al menos 10 personas f4ll3c1d4s y m\u00e1s de 270 h3r1d0s entre polic\u00edas, militares y civiles. Un caso que, hoy en d\u00eda permanece en la memoria de miles de ecuatorianos.<\/p>\n<p class=\"selectable-text copyable-text x15bjb6t x1n2onr6\"><span class=\"x19la9d6 x1fc57z9 x6ikm8r x10wlt62 x19co3pv x1g5zs5t xfibh0p xiy17q3 x1xsqp64 x1lkfr7t xexx8yu xyri2b x18d9i69 x1c1uobl\"><span class=\"xrtxmta x1bhl96m\">\ud83c\udf10<\/span><\/span><span class=\"x19la9d6 x1fc57z9 x6ikm8r x10wlt62 x19co3pv x1g5zs5t xfibh0p xiy17q3 x1xsqp64 x1lkfr7t xexx8yu xyri2b x18d9i69 x1c1uobl\"><span class=\"xrtxmta x1bhl96m\">\u2705<\/span><\/span><span class=\"selectable-text copyable-text xkrh14z\"> S\u00edguenos en nuestra p\u00e1gina verificada: <\/span><span class=\"selectable-text copyable-text xkrh14z\">https:\/\/www.facebook.com\/lodelmomentolojaEC<\/span><\/p>\n<p class=\"selectable-text copyable-text x15bjb6t x1n2onr6\"><span class=\"selectable-text copyable-text xkrh14z\">www.lodelmomentoloja.com<\/span><\/p>\n<p class=\"selectable-text copyable-text x15bjb6t x1n2onr6\"><span class=\"selectable-text copyable-text xkrh14z\">#LDMnoticias #lodelmomentolojaLDM<\/span><\/p>\n","protected":false},"excerpt":{"rendered":"<p>\ud83d\udea8\ud83c\uddea\ud83c\udde8\ud83d\udde3\ufe0f \u00a1El 30S! Este 30 de septiembre se cumplen 15 a\u00f1os de uno de los&#8230;<\/p>\n","protected":false},"author":1,"featured_media":0,"comment_status":"open","ping_status":"open","sticky":false,"template":"","format":"standard","meta":{"footnotes":""},"categories":[7,1],"tags":[],"class_list":["post-28074","post","type-post","status-publish","format-standard","hentry","category-ecuador","category-inicio"],"_links":{"self":[{"href":"https:\/\/www.lodelmomentoloja.com\/index.php?rest_route=\/wp\/v2\/posts\/28074"}],"collection":[{"href":"https:\/\/www.lodelmomentoloja.com\/index.php?rest_route=\/wp\/v2\/posts"}],"about":[{"href":"https:\/\/www.lodelmomentoloja.com\/index.php?rest_route=\/wp\/v2\/types\/post"}],"author":[{"embeddable":true,"href":"https:\/\/www.lodelmomentoloja.com\/index.php?rest_route=\/wp\/v2\/users\/1"}],"replies":[{"embeddable":true,"href":"https:\/\/www.lodelmomentoloja.com\/index.php?rest_route=%2Fwp%2Fv2%2Fcomments&post=28074"}],"version-history":[{"count":1,"href":"https:\/\/www.lodelmomentoloja.com\/index.php?rest_route=\/wp\/v2\/posts\/28074\/revisions"}],"predecessor-version":[{"id":28077,"href":"https:\/\/www.lodelmomentoloja.com\/index.php?rest_route=\/wp\/v2\/posts\/28074\/revisions\/28077"}],"wp:attachment":[{"href":"https:\/\/www.lodelmomentoloja.com\/index.php?rest_route=%2Fwp%2Fv2%2Fmedia&parent=28074"}],"wp:term":[{"taxonomy":"category","embeddable":true,"href":"https:\/\/www.lodelmomentoloja.com\/index.php?rest_route=%2Fwp%2Fv2%2Fcategories&post=28074"},{"taxonomy":"post_tag","embeddable":true,"href":"https:\/\/www.lodelmomentoloja.com\/index.php?rest_route=%2Fwp%2Fv2%2Ftags&post=28074"}],"curies":[{"name":"wp","href":"https:\/\/api.w.org\/{rel}","templated":true}]}}