{"id":28067,"date":"2025-09-30T08:39:21","date_gmt":"2025-09-30T08:39:21","guid":{"rendered":"https:\/\/www.lodelmomentoloja.com\/?p=28067"},"modified":"2025-09-30T14:41:57","modified_gmt":"2025-09-30T14:41:57","slug":"eerssa-amplia-alumbrado-publico-en-canton-celica","status":"publish","type":"post","link":"https:\/\/www.lodelmomentoloja.com\/?p=28067","title":{"rendered":"EERSSA AMPLIA ALUMBRADO P\u00daBLICO EN CANT\u00d3N CELICA"},"content":{"rendered":"<p>\ud83d\udc77\ud83c\udffb\u200d\u2642\ufe0f\u26a1\ud83d\udc4f\ud83c\udffb\u00a1Gran labor! la Empresa El\u00e9ctrica Regional del Sur S.A. (EERSSA) inaugur\u00f3 la ampliaci\u00f3n de las redes el\u00e9ctricas y alumbrado p\u00fablico en el sector El Faique, parroquia Cruzpamba, cant\u00f3n Celica. Una obra que cuenta con el aval del Gobierno Nacional y Ministerio del Ambiente y Energ\u00eda. Adem\u00e1s, dicho proyecto supera una inversi\u00f3n de 47 mil d\u00f3lares y beneficia de manera directa a familias, ni\u00f1os, j\u00f3venes y estudiantes, quienes ahora cuentan con un servicio el\u00e9ctrico confiable y moderno, sobre todo en horas nocturnas.<\/p>\n<p>El proyecto contempl\u00f3 la construcci\u00f3n de 2 kil\u00f3metros de redes de medio y bajo voltaje, la instalaci\u00f3n de luminarias LED de \u00faltima generaci\u00f3n, 14 medidores y 4 transformadores.<\/p>\n<p>\ud83c\udf10\u2705 S\u00edguenos en nuestra p\u00e1gina verificada: https:\/\/www.facebook.com\/lodelmomentolojaEC<\/p>\n<p>www.lodelmomentoloja.com<br \/>\n<a class=\"x1i10hfl xjbqb8w x1ejq31n x18oe1m7 x1sy0etr xstzfhl x972fbf x10w94by x1qhh985 x14e42zd x9f619 x1ypdohk xt0psk2 x3ct3a4 xdj266r x14z9mp xat24cr x1lziwak xexx8yu xyri2b x18d9i69 x1c1uobl x16tdsg8 x1hl2dhg xggy1nq x1a2a7pz  _aa9_ _a6hd\" tabindex=\"0\" role=\"link\" href=\"https:\/\/www.instagram.com\/explore\/tags\/ldmnoticias\/\">#LDMnoticias<\/a>\u00a0<a class=\"x1i10hfl xjbqb8w x1ejq31n x18oe1m7 x1sy0etr xstzfhl x972fbf x10w94by x1qhh985 x14e42zd x9f619 x1ypdohk xt0psk2 x3ct3a4 xdj266r x14z9mp xat24cr x1lziwak xexx8yu xyri2b x18d9i69 x1c1uobl x16tdsg8 x1hl2dhg xggy1nq x1a2a7pz  _aa9_ _a6hd\" tabindex=\"0\" role=\"link\" href=\"https:\/\/www.instagram.com\/explore\/tags\/lodelmomentolojaldm\/\">#lodelmomentolojaLDM<\/a><\/p>\n","protected":false},"excerpt":{"rendered":"<p>\ud83d\udc77\ud83c\udffb\u200d\u2642\ufe0f\u26a1\ud83d\udc4f\ud83c\udffb\u00a1Gran labor! la Empresa El\u00e9ctrica Regional del Sur S.A. (EERSSA) inaugur\u00f3 la ampliaci\u00f3n de las&#8230;<\/p>\n","protected":false},"author":1,"featured_media":28068,"comment_status":"open","ping_status":"open","sticky":false,"template":"","format":"standard","meta":{"footnotes":""},"categories":[7,1,5],"tags":[],"class_list":["post-28067","post","type-post","status-publish","format-standard","has-post-thumbnail","hentry","category-ecuador","category-inicio","category-loja"],"_links":{"self":[{"href":"https:\/\/www.lodelmomentoloja.com\/index.php?rest_route=\/wp\/v2\/posts\/28067"}],"collection":[{"href":"https:\/\/www.lodelmomentoloja.com\/index.php?rest_route=\/wp\/v2\/posts"}],"about":[{"href":"https:\/\/www.lodelmomentoloja.com\/index.php?rest_route=\/wp\/v2\/types\/post"}],"author":[{"embeddable":true,"href":"https:\/\/www.lodelmomentoloja.com\/index.php?rest_route=\/wp\/v2\/users\/1"}],"replies":[{"embeddable":true,"href":"https:\/\/www.lodelmomentoloja.com\/index.php?rest_route=%2Fwp%2Fv2%2Fcomments&post=28067"}],"version-history":[{"count":1,"href":"https:\/\/www.lodelmomentoloja.com\/index.php?rest_route=\/wp\/v2\/posts\/28067\/revisions"}],"predecessor-version":[{"id":28069,"href":"https:\/\/www.lodelmomentoloja.com\/index.php?rest_route=\/wp\/v2\/posts\/28067\/revisions\/28069"}],"wp:featuredmedia":[{"embeddable":true,"href":"https:\/\/www.lodelmomentoloja.com\/index.php?rest_route=\/wp\/v2\/media\/28068"}],"wp:attachment":[{"href":"https:\/\/www.lodelmomentoloja.com\/index.php?rest_route=%2Fwp%2Fv2%2Fmedia&parent=28067"}],"wp:term":[{"taxonomy":"category","embeddable":true,"href":"https:\/\/www.lodelmomentoloja.com\/index.php?rest_route=%2Fwp%2Fv2%2Fcategories&post=28067"},{"taxonomy":"post_tag","embeddable":true,"href":"https:\/\/www.lodelmomentoloja.com\/index.php?rest_route=%2Fwp%2Fv2%2Ftags&post=28067"}],"curies":[{"name":"wp","href":"https:\/\/api.w.org\/{rel}","templated":true}]}}