{"id":28063,"date":"2025-09-29T18:44:02","date_gmt":"2025-09-29T18:44:02","guid":{"rendered":"https:\/\/www.lodelmomentoloja.com\/?p=28063"},"modified":"2025-09-29T23:46:05","modified_gmt":"2025-09-29T23:46:05","slug":"la-reaparicion-del-exalcalde-de-loja-franco-quezada-genero-conmocion","status":"publish","type":"post","link":"https:\/\/www.lodelmomentoloja.com\/?p=28063","title":{"rendered":"La reaparici\u00f3n del exalcalde de Loja Franco Quezada gener\u00f3 conmoci\u00f3n"},"content":{"rendered":"<p class=\"selectable-text copyable-text x15bjb6t x1n2onr6\"><span class=\"x19la9d6 x1fc57z9 x6ikm8r x10wlt62 x19co3pv x1g5zs5t xfibh0p xiy17q3 x1xsqp64 x1lkfr7t xexx8yu xyri2b x18d9i69 x1c1uobl\"><span class=\"xrtxmta x1bhl96m\"><img loading=\"lazy\" decoding=\"async\" class=\"wp-image-28065 aligncenter\" src=\"http:\/\/www.lodelmomentoloja.com\/wp-content\/uploads\/2025\/09\/VIDEO-3-2-300x169.jpg\" alt=\"\" width=\"1154\" height=\"650\" srcset=\"https:\/\/www.lodelmomentoloja.com\/wp-content\/uploads\/2025\/09\/VIDEO-3-2-300x169.jpg 300w, https:\/\/www.lodelmomentoloja.com\/wp-content\/uploads\/2025\/09\/VIDEO-3-2-1024x576.jpg 1024w, https:\/\/www.lodelmomentoloja.com\/wp-content\/uploads\/2025\/09\/VIDEO-3-2-768x432.jpg 768w, https:\/\/www.lodelmomentoloja.com\/wp-content\/uploads\/2025\/09\/VIDEO-3-2-640x360.jpg 640w, https:\/\/www.lodelmomentoloja.com\/wp-content\/uploads\/2025\/09\/VIDEO-3-2-1536x864.jpg 1536w, https:\/\/www.lodelmomentoloja.com\/wp-content\/uploads\/2025\/09\/VIDEO-3-2.jpg 1920w\" sizes=\"(max-width: 1154px) 100vw, 1154px\" \/><\/p>\n<p>\ud83e\uddd0<\/span><\/span><span class=\"x19la9d6 x1fc57z9 x6ikm8r x10wlt62 x19co3pv x1g5zs5t xfibh0p xiy17q3 x1xsqp64 x1lkfr7t xexx8yu xyri2b x18d9i69 x1c1uobl\"><span class=\"xrtxmta x1bhl96m\">\ud83d\udde3\ufe0f<\/span><\/span><span class=\"x19la9d6 x1fc57z9 x6ikm8r x10wlt62 x19co3pv x1g5zs5t xfibh0p xiy17q3 x1xsqp64 x1lkfr7t xexx8yu xyri2b x18d9i69 x1c1uobl\"><span class=\"xrtxmta x1bhl96m\">\ud83d\udc49\ud83c\udffb<\/span><\/span><span class=\"selectable-text copyable-text xkrh14z\"> \u00a1Bullyng o karma! Despu\u00e9s de varios meses de haber desaparecido del ojo p\u00fablico, el exalcalde de Loja, Franco Quezada fue visto en el cargo que desempe\u00f1a como docente municipal. Desde la tribuna y rodeado por estudiantes de un plantel educativo y con una mirada un tanto calmada, Franco Quezada observaba a su sucesora a lo lejos, desde el rol que ha ejercido en el Municipio de Loja.<\/span><\/p>\n<div style=\"width: 640px;\" class=\"wp-video\"><!--[if lt IE 9]><script>document.createElement('video');<\/script><![endif]-->\n<video class=\"wp-video-shortcode\" id=\"video-28063-1\" width=\"640\" height=\"360\" preload=\"metadata\" controls=\"controls\"><source type=\"video\/mp4\" src=\"http:\/\/www.lodelmomentoloja.com\/wp-content\/uploads\/2025\/09\/NOTA-FRANCO-QUEZADA-REDUCIDO.mp4?_=1\" \/><a href=\"http:\/\/www.lodelmomentoloja.com\/wp-content\/uploads\/2025\/09\/NOTA-FRANCO-QUEZADA-REDUCIDO.mp4\">http:\/\/www.lodelmomentoloja.com\/wp-content\/uploads\/2025\/09\/NOTA-FRANCO-QUEZADA-REDUCIDO.mp4<\/a><\/video><\/div>\n<p>La presencia del exalcalde caus\u00f3 conmoci\u00f3n en la ciudadan\u00eda, sobre todo cuando la alcaldesa Diana Guayanay, acompa\u00f1a de varios concejales, dio un emotivo mensaje a la atleta lojana.<\/p>\n<p>Un hecho que no pas\u00f3 por desapercibido, puesto que, desde la tribuna y rodeado por estudiantes de un plantel educativo y con una mirada un tanto calmada, Franco Quezada observaba a su sucesora a lo lejos, desde el rol que ha ejercido en el Municipio de Loja.<\/p>\n<p>Hecho que estall\u00f3 en redes sociales, generando comentarios de todo tipo, algunos de ellos haciendo burlas de la actual situaci\u00f3n del exburgomaestre, ya que, el poder pol\u00edtico, al igual que otros escenarios de la vida cotidiana, es ef\u00edmero.<\/p>\n<p>Pero tambi\u00e9n provoc\u00f3 una campa\u00f1a de respaldo hacia el exalcalde, por la aparente d3n1gr4c1\u00f3n de la que fue v\u00edctima, puesto que, pese a que se pudo invitar a otro docente para que asistiera al evento, fue precisamente Franco Quezada quien acudi\u00f3 a la ceremonia, sin embargo, el hecho provoc\u00f3 que muchos rechazaran a este tipo de temas al que exponen a una persona.<\/p>\n<p>Estos aparentes intentos de d3n1gr4c1\u00f3n han provocaron un efecto contrario, ya que hoy, en d\u00eda, Franco Quezada se ha convertido en un ciudadano m\u00e1s que deja la reflexi\u00f3n sobre la l\u00ednea delgada entre la pol\u00edtica y sus acciones.<\/p>\n<p class=\"selectable-text copyable-text x15bjb6t x1n2onr6\"><span class=\"x19la9d6 x1fc57z9 x6ikm8r x10wlt62 x19co3pv x1g5zs5t xfibh0p xiy17q3 x1xsqp64 x1lkfr7t xexx8yu xyri2b x18d9i69 x1c1uobl\"><span class=\"xrtxmta x1bhl96m\">\ud83c\udf10<\/span><\/span><span class=\"x19la9d6 x1fc57z9 x6ikm8r x10wlt62 x19co3pv x1g5zs5t xfibh0p xiy17q3 x1xsqp64 x1lkfr7t xexx8yu xyri2b x18d9i69 x1c1uobl\"><span class=\"xrtxmta x1bhl96m\">\u2705<\/span><\/span><span class=\"selectable-text copyable-text xkrh14z\"> S\u00edguenos en nuestra p\u00e1gina verificada: <\/span><span class=\"selectable-text copyable-text xkrh14z\">https:\/\/www.facebook.com\/lodelmomentolojaEC<\/span><\/p>\n<p class=\"selectable-text copyable-text x15bjb6t x1n2onr6\"><span class=\"selectable-text copyable-text xkrh14z\">www.lodelmomentoloja.com<\/span><\/p>\n<p class=\"selectable-text copyable-text x15bjb6t x1n2onr6\"><span class=\"selectable-text copyable-text xkrh14z\">#LDMnoticias #lodelmomentolojaLDM<\/span><\/p>\n","protected":false},"excerpt":{"rendered":"<p>\ud83e\uddd0\ud83d\udde3\ufe0f\ud83d\udc49\ud83c\udffb \u00a1Bullyng o karma! Despu\u00e9s de varios meses de haber desaparecido del ojo p\u00fablico, el&#8230;<\/p>\n","protected":false},"author":1,"featured_media":0,"comment_status":"open","ping_status":"open","sticky":false,"template":"","format":"standard","meta":{"footnotes":""},"categories":[7,1,5],"tags":[],"class_list":["post-28063","post","type-post","status-publish","format-standard","hentry","category-ecuador","category-inicio","category-loja"],"_links":{"self":[{"href":"https:\/\/www.lodelmomentoloja.com\/index.php?rest_route=\/wp\/v2\/posts\/28063"}],"collection":[{"href":"https:\/\/www.lodelmomentoloja.com\/index.php?rest_route=\/wp\/v2\/posts"}],"about":[{"href":"https:\/\/www.lodelmomentoloja.com\/index.php?rest_route=\/wp\/v2\/types\/post"}],"author":[{"embeddable":true,"href":"https:\/\/www.lodelmomentoloja.com\/index.php?rest_route=\/wp\/v2\/users\/1"}],"replies":[{"embeddable":true,"href":"https:\/\/www.lodelmomentoloja.com\/index.php?rest_route=%2Fwp%2Fv2%2Fcomments&post=28063"}],"version-history":[{"count":1,"href":"https:\/\/www.lodelmomentoloja.com\/index.php?rest_route=\/wp\/v2\/posts\/28063\/revisions"}],"predecessor-version":[{"id":28066,"href":"https:\/\/www.lodelmomentoloja.com\/index.php?rest_route=\/wp\/v2\/posts\/28063\/revisions\/28066"}],"wp:attachment":[{"href":"https:\/\/www.lodelmomentoloja.com\/index.php?rest_route=%2Fwp%2Fv2%2Fmedia&parent=28063"}],"wp:term":[{"taxonomy":"category","embeddable":true,"href":"https:\/\/www.lodelmomentoloja.com\/index.php?rest_route=%2Fwp%2Fv2%2Fcategories&post=28063"},{"taxonomy":"post_tag","embeddable":true,"href":"https:\/\/www.lodelmomentoloja.com\/index.php?rest_route=%2Fwp%2Fv2%2Ftags&post=28063"}],"curies":[{"name":"wp","href":"https:\/\/api.w.org\/{rel}","templated":true}]}}