{"id":28059,"date":"2025-09-29T16:00:29","date_gmt":"2025-09-29T16:00:29","guid":{"rendered":"https:\/\/www.lodelmomentoloja.com\/?p=28059"},"modified":"2025-09-29T21:04:40","modified_gmt":"2025-09-29T21:04:40","slug":"ciudadania-indignada-por-las-condiciones-de-la-via-intervalles-a-cargo-de-la-prefectura","status":"publish","type":"post","link":"https:\/\/www.lodelmomentoloja.com\/?p=28059","title":{"rendered":"Ciudadan\u00eda indignada por las condiciones de la v\u00eda Intervalles a cargo de la Prefectura"},"content":{"rendered":"<p class=\"selectable-text copyable-text x15bjb6t x1n2onr6\"><span class=\"x19la9d6 x1fc57z9 x6ikm8r x10wlt62 x19co3pv x1g5zs5t xfibh0p xiy17q3 x1xsqp64 x1lkfr7t xexx8yu xyri2b x18d9i69 x1c1uobl\"><span class=\"xrtxmta x1bhl96m\"><img loading=\"lazy\" decoding=\"async\" class=\"wp-image-28060 aligncenter\" src=\"http:\/\/www.lodelmomentoloja.com\/wp-content\/uploads\/2025\/09\/VIDEO-2-1-1-300x169.jpg\" alt=\"\" width=\"1037\" height=\"584\" srcset=\"https:\/\/www.lodelmomentoloja.com\/wp-content\/uploads\/2025\/09\/VIDEO-2-1-1-300x169.jpg 300w, https:\/\/www.lodelmomentoloja.com\/wp-content\/uploads\/2025\/09\/VIDEO-2-1-1-1024x576.jpg 1024w, https:\/\/www.lodelmomentoloja.com\/wp-content\/uploads\/2025\/09\/VIDEO-2-1-1-768x432.jpg 768w, https:\/\/www.lodelmomentoloja.com\/wp-content\/uploads\/2025\/09\/VIDEO-2-1-1-640x360.jpg 640w, https:\/\/www.lodelmomentoloja.com\/wp-content\/uploads\/2025\/09\/VIDEO-2-1-1-1536x864.jpg 1536w, https:\/\/www.lodelmomentoloja.com\/wp-content\/uploads\/2025\/09\/VIDEO-2-1-1.jpg 1920w\" sizes=\"(max-width: 1037px) 100vw, 1037px\" \/><br \/>\n\ud83d\udea7<\/span><\/span><span class=\"x19la9d6 x1fc57z9 x6ikm8r x10wlt62 x19co3pv x1g5zs5t xfibh0p xiy17q3 x1xsqp64 x1lkfr7t xexx8yu xyri2b x18d9i69 x1c1uobl\"><span class=\"xrtxmta x1bhl96m\">\ud83d\ude24<\/span><\/span><span class=\"x19la9d6 x1fc57z9 x6ikm8r x10wlt62 x19co3pv x1g5zs5t xfibh0p xiy17q3 x1xsqp64 x1lkfr7t xexx8yu xyri2b x18d9i69 x1c1uobl\"><span class=\"xrtxmta x1bhl96m\">\ud83d\udde3\ufe0f<\/span><\/span><span class=\"selectable-text copyable-text xkrh14z\"> \u00a1Clamor popular! La ciudadan\u00eda lojana est\u00e1 cansada de esperar la atenci\u00f3n del Gobierno Provincial de Loja en la v\u00eda Indiucho \u2013 El Tambo \u2013 Malacatos, mejor conocida como Intervalles, la cual registra severos da\u00f1os producto de la temporada invernal. La ciudadan\u00eda se muestra molesta por la falta de gesti\u00f3n de la Prefectura de Loja.<\/p>\n<p><\/span><\/p>\n<div style=\"width: 640px;\" class=\"wp-video\"><!--[if lt IE 9]><script>document.createElement('video');<\/script><![endif]-->\n<video class=\"wp-video-shortcode\" id=\"video-28059-1\" width=\"640\" height=\"360\" preload=\"metadata\" controls=\"controls\"><source type=\"video\/mp4\" src=\"http:\/\/www.lodelmomentoloja.com\/wp-content\/uploads\/2025\/09\/GENTE-MOLESTA-POR-LA-VIA-INTERVALLES-REDUCIDO.mp4?_=1\" \/><a href=\"http:\/\/www.lodelmomentoloja.com\/wp-content\/uploads\/2025\/09\/GENTE-MOLESTA-POR-LA-VIA-INTERVALLES-REDUCIDO.mp4\">http:\/\/www.lodelmomentoloja.com\/wp-content\/uploads\/2025\/09\/GENTE-MOLESTA-POR-LA-VIA-INTERVALLES-REDUCIDO.mp4<\/a><\/video><\/div>\n<p class=\"selectable-text copyable-text x15bjb6t x1n2onr6\"><span class=\"selectable-text copyable-text xkrh14z\"><\/p>\n<p><\/span><\/p>\n<p>Hundimientos, resquebrajamiento de la calzada y deslizamientos de tierra en varios tramos, son algunos de los da\u00f1os provocados por las lluvias.<\/p>\n<p>Desde la Prefectura de Loja, se anunci\u00f3 la disposici\u00f3n del equipo caminero para iniciar las labores de reparaci\u00f3n, sin embargos los ofrecimientos no han pasado de un simple discurso y los habitantes deben enfrentar las consecuencias de la falta de gesti\u00f3n de las administraciones de turno.<\/p>\n<p>El equipo caminero est\u00e1 integrado por motoniveladora, rodillo, tanquero, volquetas, cargadora y retroexcavadora, pero la maquinaria enviada no cubre ni siquiera el 50%; no obstante, lo que m\u00e1s llama la atenci\u00f3n, es que la poca maquinaria enviada est\u00e1 paralizada tal como se observa en las im\u00e1genes captadas por LDM en el sector La era \u2013 v\u00eda La Cascada<\/p>\n<p>Los transportistas que utilizan esta carretera se\u00f1alan que los da\u00f1os podr\u00edan ser mayores, adem\u00e1s, se muestran decepcionados por haber respaldado al actual prefecto Mario M4nc1n0.<\/p>\n<p>Recordemos que, el asfaltado de la v\u00eda Intervalles, tramo Indiucho \u2013 El Tambo \u2013 Malacatos fue contratada en el a\u00f1o 2015 bajo la administraci\u00f3n del ex prefecto Rafael D\u00e1v1l4 adjudic\u00e1ndole el contrato a la Constructora del Pac\u00edfico, una obra cuya inversi\u00f3n fue de USD 11\u2019217.709,35.<\/p>\n<p>Un proyecto que fue intervenido por la Contralor\u00eda General del Estado, entidad que confirm\u00f3 glosas por USD 129.618,47 en noviembre de 2021 y USD 556.931,91 en enero de 2022. La resoluci\u00f3n de la Contralor\u00eda argument\u00f3 que la Prefectura de Loja no pudo demostrar que los trabajos se ejecutaron.<\/p>\n<p>Est\u00e1 es otra obra que tiene problemas como las tantas que han estado a cargo de la Prefectura, se han convertido en un dolor de cabeza para los lojanos.<\/p>\n<p class=\"selectable-text copyable-text x15bjb6t x1n2onr6\"><span class=\"x19la9d6 x1fc57z9 x6ikm8r x10wlt62 x19co3pv x1g5zs5t xfibh0p xiy17q3 x1xsqp64 x1lkfr7t xexx8yu xyri2b x18d9i69 x1c1uobl\"><span class=\"xrtxmta x1bhl96m\">\ud83c\udf10<\/span><\/span><span class=\"x19la9d6 x1fc57z9 x6ikm8r x10wlt62 x19co3pv x1g5zs5t xfibh0p xiy17q3 x1xsqp64 x1lkfr7t xexx8yu xyri2b x18d9i69 x1c1uobl\"><span class=\"xrtxmta x1bhl96m\">\u2705<\/span><\/span><span class=\"selectable-text copyable-text xkrh14z\"> S\u00edguenos en nuestra p\u00e1gina verificada: <\/span><span class=\"selectable-text copyable-text xkrh14z\">https:\/\/www.facebook.com\/lodelmomentolojaEC<\/span><\/p>\n<p class=\"selectable-text copyable-text x15bjb6t x1n2onr6\"><span class=\"selectable-text copyable-text xkrh14z\">www.lodelmomentoloja.com<\/span><\/p>\n<p class=\"selectable-text copyable-text x15bjb6t x1n2onr6\"><span class=\"selectable-text copyable-text xkrh14z\">#LDMnoticias #lodelmomentolojaLDM<\/span><\/p>\n","protected":false},"excerpt":{"rendered":"<p>\ud83d\udea7\ud83d\ude24\ud83d\udde3\ufe0f \u00a1Clamor popular! La ciudadan\u00eda lojana est\u00e1 cansada de esperar la atenci\u00f3n del Gobierno Provincial&#8230;<\/p>\n","protected":false},"author":1,"featured_media":0,"comment_status":"open","ping_status":"open","sticky":false,"template":"","format":"standard","meta":{"footnotes":""},"categories":[7,1,5],"tags":[],"class_list":["post-28059","post","type-post","status-publish","format-standard","hentry","category-ecuador","category-inicio","category-loja"],"_links":{"self":[{"href":"https:\/\/www.lodelmomentoloja.com\/index.php?rest_route=\/wp\/v2\/posts\/28059"}],"collection":[{"href":"https:\/\/www.lodelmomentoloja.com\/index.php?rest_route=\/wp\/v2\/posts"}],"about":[{"href":"https:\/\/www.lodelmomentoloja.com\/index.php?rest_route=\/wp\/v2\/types\/post"}],"author":[{"embeddable":true,"href":"https:\/\/www.lodelmomentoloja.com\/index.php?rest_route=\/wp\/v2\/users\/1"}],"replies":[{"embeddable":true,"href":"https:\/\/www.lodelmomentoloja.com\/index.php?rest_route=%2Fwp%2Fv2%2Fcomments&post=28059"}],"version-history":[{"count":1,"href":"https:\/\/www.lodelmomentoloja.com\/index.php?rest_route=\/wp\/v2\/posts\/28059\/revisions"}],"predecessor-version":[{"id":28062,"href":"https:\/\/www.lodelmomentoloja.com\/index.php?rest_route=\/wp\/v2\/posts\/28059\/revisions\/28062"}],"wp:attachment":[{"href":"https:\/\/www.lodelmomentoloja.com\/index.php?rest_route=%2Fwp%2Fv2%2Fmedia&parent=28059"}],"wp:term":[{"taxonomy":"category","embeddable":true,"href":"https:\/\/www.lodelmomentoloja.com\/index.php?rest_route=%2Fwp%2Fv2%2Fcategories&post=28059"},{"taxonomy":"post_tag","embeddable":true,"href":"https:\/\/www.lodelmomentoloja.com\/index.php?rest_route=%2Fwp%2Fv2%2Ftags&post=28059"}],"curies":[{"name":"wp","href":"https:\/\/api.w.org\/{rel}","templated":true}]}}