{"id":28056,"date":"2025-09-29T12:44:17","date_gmt":"2025-09-29T12:44:17","guid":{"rendered":"https:\/\/www.lodelmomentoloja.com\/?p=28056"},"modified":"2025-09-29T17:45:30","modified_gmt":"2025-09-29T17:45:30","slug":"gobierno-informa-sobre-la-caida-de-consumo-del-diesel-en-al-menos-10-provincias-del-ecuador","status":"publish","type":"post","link":"https:\/\/www.lodelmomentoloja.com\/?p=28056","title":{"rendered":"GOBIERNO INFORMA SOBRE LA CA\u00cdDA DE CONSUMO DEL DI\u00c9SEL, EN AL MENOS 10 PROVINCIAS DEL ECUADOR"},"content":{"rendered":"<p>\ud83d\ude31\ud83d\udea8\u26fd\u00a1Ca\u00edda asombrosa! La vocera del Gobierno Carolina Jaramillo, inform\u00f3 que a 18 d\u00edas de la redirecci\u00f3n de recursos, el consumo del di\u00e9sel se ha reducido significativamente en alrededor de 10 provincias, teniendo un mayor porcentaje de ca\u00edda, Gal\u00e1pagos: con -25.7%, seguida de Imbabura: -25.1%, El Oro: -22.6%, Chimborazo: -21% y Manab\u00ed: -20.8%<\/p>\n<p>Seg\u00fan Jaramillo, esto demuestra que gran parte del di\u00e9sel antes iba al contr4b4ndo. Un giro que reabre el debate sobre subsidios, consumo y mafias del combustible en Ecuador.<\/p>\n<p>\ud83c\udf10\u2705 S\u00edguenos en nuestra p\u00e1gina verificada: https:\/\/www.facebook.com\/lodelmomentolojaEC<\/p>\n<p>www.lodelmomentoloja.com<br \/>\n<a class=\"x1i10hfl xjbqb8w x1ejq31n x18oe1m7 x1sy0etr xstzfhl x972fbf x10w94by x1qhh985 x14e42zd x9f619 x1ypdohk xt0psk2 x3ct3a4 xdj266r x14z9mp xat24cr x1lziwak xexx8yu xyri2b x18d9i69 x1c1uobl x16tdsg8 x1hl2dhg xggy1nq x1a2a7pz  _aa9_ _a6hd\" tabindex=\"0\" role=\"link\" href=\"https:\/\/www.instagram.com\/explore\/tags\/ldmnoticias\/\">#LDMnoticias<\/a>\u00a0<a class=\"x1i10hfl xjbqb8w x1ejq31n x18oe1m7 x1sy0etr xstzfhl x972fbf x10w94by x1qhh985 x14e42zd x9f619 x1ypdohk xt0psk2 x3ct3a4 xdj266r x14z9mp xat24cr x1lziwak xexx8yu xyri2b x18d9i69 x1c1uobl x16tdsg8 x1hl2dhg xggy1nq x1a2a7pz  _aa9_ _a6hd\" tabindex=\"0\" role=\"link\" href=\"https:\/\/www.instagram.com\/explore\/tags\/lodelmomentolojaldm\/\">#lodelmomentolojaLDM<\/a><\/p>\n","protected":false},"excerpt":{"rendered":"<p>\ud83d\ude31\ud83d\udea8\u26fd\u00a1Ca\u00edda asombrosa! La vocera del Gobierno Carolina Jaramillo, inform\u00f3 que a 18 d\u00edas de la&#8230;<\/p>\n","protected":false},"author":1,"featured_media":28057,"comment_status":"open","ping_status":"open","sticky":false,"template":"","format":"standard","meta":{"footnotes":""},"categories":[7,1,5],"tags":[],"class_list":["post-28056","post","type-post","status-publish","format-standard","has-post-thumbnail","hentry","category-ecuador","category-inicio","category-loja"],"_links":{"self":[{"href":"https:\/\/www.lodelmomentoloja.com\/index.php?rest_route=\/wp\/v2\/posts\/28056"}],"collection":[{"href":"https:\/\/www.lodelmomentoloja.com\/index.php?rest_route=\/wp\/v2\/posts"}],"about":[{"href":"https:\/\/www.lodelmomentoloja.com\/index.php?rest_route=\/wp\/v2\/types\/post"}],"author":[{"embeddable":true,"href":"https:\/\/www.lodelmomentoloja.com\/index.php?rest_route=\/wp\/v2\/users\/1"}],"replies":[{"embeddable":true,"href":"https:\/\/www.lodelmomentoloja.com\/index.php?rest_route=%2Fwp%2Fv2%2Fcomments&post=28056"}],"version-history":[{"count":1,"href":"https:\/\/www.lodelmomentoloja.com\/index.php?rest_route=\/wp\/v2\/posts\/28056\/revisions"}],"predecessor-version":[{"id":28058,"href":"https:\/\/www.lodelmomentoloja.com\/index.php?rest_route=\/wp\/v2\/posts\/28056\/revisions\/28058"}],"wp:featuredmedia":[{"embeddable":true,"href":"https:\/\/www.lodelmomentoloja.com\/index.php?rest_route=\/wp\/v2\/media\/28057"}],"wp:attachment":[{"href":"https:\/\/www.lodelmomentoloja.com\/index.php?rest_route=%2Fwp%2Fv2%2Fmedia&parent=28056"}],"wp:term":[{"taxonomy":"category","embeddable":true,"href":"https:\/\/www.lodelmomentoloja.com\/index.php?rest_route=%2Fwp%2Fv2%2Fcategories&post=28056"},{"taxonomy":"post_tag","embeddable":true,"href":"https:\/\/www.lodelmomentoloja.com\/index.php?rest_route=%2Fwp%2Fv2%2Ftags&post=28056"}],"curies":[{"name":"wp","href":"https:\/\/api.w.org\/{rel}","templated":true}]}}