{"id":28052,"date":"2025-09-29T11:55:17","date_gmt":"2025-09-29T11:55:17","guid":{"rendered":"https:\/\/www.lodelmomentoloja.com\/?p=28052"},"modified":"2025-09-29T16:58:24","modified_gmt":"2025-09-29T16:58:24","slug":"conoce-los-detalles-sobre-la-mv3rt3-de-efrain-fueres-la-primera-victima-del-paro-2025","status":"publish","type":"post","link":"https:\/\/www.lodelmomentoloja.com\/?p=28052","title":{"rendered":"Conoce los detalles sobre la mv3rt3 de Efra\u00edn Fueres la primera v\u00edctima del paro 2025"},"content":{"rendered":"<p class=\"selectable-text copyable-text x15bjb6t x1n2onr6\"><span class=\"x19la9d6 x1fc57z9 x6ikm8r x10wlt62 x19co3pv x1g5zs5t xfibh0p xiy17q3 x1xsqp64 x1lkfr7t xexx8yu xyri2b x18d9i69 x1c1uobl\"><span class=\"xrtxmta x1bhl96m\"><img loading=\"lazy\" decoding=\"async\" class=\"wp-image-28054 aligncenter\" src=\"http:\/\/www.lodelmomentoloja.com\/wp-content\/uploads\/2025\/09\/NOTA-VIDEO-1-2-300x169.jpg\" alt=\"\" width=\"1090\" height=\"614\" srcset=\"https:\/\/www.lodelmomentoloja.com\/wp-content\/uploads\/2025\/09\/NOTA-VIDEO-1-2-300x169.jpg 300w, https:\/\/www.lodelmomentoloja.com\/wp-content\/uploads\/2025\/09\/NOTA-VIDEO-1-2-1024x576.jpg 1024w, https:\/\/www.lodelmomentoloja.com\/wp-content\/uploads\/2025\/09\/NOTA-VIDEO-1-2-768x432.jpg 768w, https:\/\/www.lodelmomentoloja.com\/wp-content\/uploads\/2025\/09\/NOTA-VIDEO-1-2-640x360.jpg 640w, https:\/\/www.lodelmomentoloja.com\/wp-content\/uploads\/2025\/09\/NOTA-VIDEO-1-2-1536x864.jpg 1536w, https:\/\/www.lodelmomentoloja.com\/wp-content\/uploads\/2025\/09\/NOTA-VIDEO-1-2.jpg 1920w\" sizes=\"(max-width: 1090px) 100vw, 1090px\" \/><\/p>\n<p>\ud83d\udea8<\/span><\/span><span class=\"x19la9d6 x1fc57z9 x6ikm8r x10wlt62 x19co3pv x1g5zs5t xfibh0p xiy17q3 x1xsqp64 x1lkfr7t xexx8yu xyri2b x18d9i69 x1c1uobl\"><span class=\"xrtxmta x1bhl96m\">\ud83d\ude2d<\/span><\/span><span class=\"x19la9d6 x1fc57z9 x6ikm8r x10wlt62 x19co3pv x1g5zs5t xfibh0p xiy17q3 x1xsqp64 x1lkfr7t xexx8yu xyri2b x18d9i69 x1c1uobl\"><span class=\"xrtxmta x1bhl96m\">\u271d\ufe0f<\/span><\/span><span class=\"selectable-text copyable-text xkrh14z\"> \u00a1La primera v\u00edct1m4! Efra\u00edn Fueres se ha convertido en el primer f4ll3c1d0 de las protestas por la eliminaci\u00f3n del subsidio al di\u00e9sel; el comunero ind\u00edgena de 46 a\u00f1os de edad perdi\u00f3 la vida durante las manifestaciones del domingo 28 de septiembre en Cotacachi, provincia de Imbabura, convirti\u00e9ndose en la primera v\u00edctima del paro nacional.<\/span><\/p>\n<div style=\"width: 640px;\" class=\"wp-video\"><!--[if lt IE 9]><script>document.createElement('video');<\/script><![endif]-->\n<video class=\"wp-video-shortcode\" id=\"video-28052-1\" width=\"640\" height=\"360\" preload=\"metadata\" controls=\"controls\"><source type=\"video\/mp4\" src=\"http:\/\/www.lodelmomentoloja.com\/wp-content\/uploads\/2025\/09\/EFRAIN-FUERES-REDUCIDO.mp4?_=1\" \/><a href=\"http:\/\/www.lodelmomentoloja.com\/wp-content\/uploads\/2025\/09\/EFRAIN-FUERES-REDUCIDO.mp4\">http:\/\/www.lodelmomentoloja.com\/wp-content\/uploads\/2025\/09\/EFRAIN-FUERES-REDUCIDO.mp4<\/a><\/video><\/div>\n<p>Adem\u00e1s, la organizaci\u00f3n report\u00f3 que otro manifestante se encuentra en estado cr\u00edtico, aunque no se han revelado detalles sobre su identidad ni condici\u00f3n m\u00e9dica. Seg\u00fan informaci\u00f3n preliminar, su deceso ocurri\u00f3 tras recibir impactos de b4l4 en la v\u00eda Panamericana Norte, a la altura de Ilum\u00e1n (Pinsaqu\u00ed), mientras participaba en las movilizaciones.<\/p>\n<p>Desde el Gobierno reconocieron la mv3rt3 de Efra\u00edn asegurando que se dio en medio de un v10l3nto 4t4qu3 perpetrado por manifestantes que habr\u00eda emboscando un convoy que transportaba viv\u00ederes, incidente que tambi\u00e9n dej\u00f3 12 militares h3r1d0s y 17 retenidos.<\/p>\n<p>Las im\u00e1genes sobre el incidente se viralizaron en redes sociales causando indignaci\u00f3n por la mv3rt3 de Fueres que, la Fundaci\u00f3n Regional y la Conaie denunciaron el hecho como un cr1m3n de Estado. Seg\u00fan el testimonio de una manifestante se encontraba en el lugar, los militares empezaron a d1sp4r4r y lanzar gas lacrim\u00f3geno para dispersar la protesta.<\/p>\n<p>En el video publicado por la Conaie se observa a dos veh\u00edculos militares acercarse a dos personas que se encontraban en la calle. Una de ellas huy\u00f3, mientras que otro permaneci\u00f3 en el lugar. Segundos despu\u00e9s, militares se bajaron y se observa que los uniformaron propinaron m\u00faltiples g0lp3s.<\/p>\n<p>Efra\u00edn Fueres era un comunero kichwa, oriundo de la comunidad de Cuicocha \u2013 Inguintzala en Cotacachi y su partido deja a dos hijos en la orfandad. En medio del dolo por su p\u00e9rdida, su familia pide que se haga justicia.<\/p>\n<p>El caso caus\u00f3 indignaci\u00f3n en todo el pa\u00eds, el alcalde de Cuenca, Cristian Zamora reaccion\u00f3 en su cuenta de X, solidariz\u00e1ndose con la familia de Efra\u00edn. \u201cEsta ciudad est\u00e1 dispuesta a abrir puertas con la garant\u00eda de la Municipalidad para que se pueda llevar a un Acuerdo Nacional\u201d.<\/p>\n<p>Por su parte, la periodista Dayanna Monroy, dijo que la v10l3nc14 no tiene ning\u00fan tipo de justificaci\u00f3n, adem\u00e1s, figuras pol\u00edticas y periodistas condenaron el hecho y extendieron sus condolencias a los familiares de Efra\u00edn.<\/p>\n<p>Por su parte, la Fiscal\u00eda General del Estado dijo que abrir\u00e1 una investigaci\u00f3n previa, la cual ser\u00e1 llevada con base en protocolos internacionales desde su Unidad Especializada en la Investigaci\u00f3n del Uso Ileg\u00edtimo de la Fuerza.<\/p>\n<p>&nbsp;<\/p>\n<p class=\"selectable-text copyable-text x15bjb6t x1n2onr6\"><span class=\"x19la9d6 x1fc57z9 x6ikm8r x10wlt62 x19co3pv x1g5zs5t xfibh0p xiy17q3 x1xsqp64 x1lkfr7t xexx8yu xyri2b x18d9i69 x1c1uobl\"><span class=\"xrtxmta x1bhl96m\">\ud83c\udf10<\/span><\/span><span class=\"x19la9d6 x1fc57z9 x6ikm8r x10wlt62 x19co3pv x1g5zs5t xfibh0p xiy17q3 x1xsqp64 x1lkfr7t xexx8yu xyri2b x18d9i69 x1c1uobl\"><span class=\"xrtxmta x1bhl96m\">\u2705<\/span><\/span><span class=\"selectable-text copyable-text xkrh14z\"> S\u00edguenos en nuestra p\u00e1gina verificada: <\/span><span class=\"selectable-text copyable-text xkrh14z\">https:\/\/www.facebook.com\/lodelmomentolojaEC<\/span><\/p>\n<p class=\"selectable-text copyable-text x15bjb6t x1n2onr6\"><span class=\"selectable-text copyable-text xkrh14z\">www.lodelmomentoloja.com<\/span><\/p>\n<p class=\"selectable-text copyable-text x15bjb6t x1n2onr6\"><span class=\"selectable-text copyable-text xkrh14z\">#LDMnoticias #lodelmomentolojaLDM<\/span><\/p>\n","protected":false},"excerpt":{"rendered":"<p>\ud83d\udea8\ud83d\ude2d\u271d\ufe0f \u00a1La primera v\u00edct1m4! Efra\u00edn Fueres se ha convertido en el primer f4ll3c1d0 de las&#8230;<\/p>\n","protected":false},"author":1,"featured_media":0,"comment_status":"open","ping_status":"open","sticky":false,"template":"","format":"standard","meta":{"footnotes":""},"categories":[7,1],"tags":[],"class_list":["post-28052","post","type-post","status-publish","format-standard","hentry","category-ecuador","category-inicio"],"_links":{"self":[{"href":"https:\/\/www.lodelmomentoloja.com\/index.php?rest_route=\/wp\/v2\/posts\/28052"}],"collection":[{"href":"https:\/\/www.lodelmomentoloja.com\/index.php?rest_route=\/wp\/v2\/posts"}],"about":[{"href":"https:\/\/www.lodelmomentoloja.com\/index.php?rest_route=\/wp\/v2\/types\/post"}],"author":[{"embeddable":true,"href":"https:\/\/www.lodelmomentoloja.com\/index.php?rest_route=\/wp\/v2\/users\/1"}],"replies":[{"embeddable":true,"href":"https:\/\/www.lodelmomentoloja.com\/index.php?rest_route=%2Fwp%2Fv2%2Fcomments&post=28052"}],"version-history":[{"count":1,"href":"https:\/\/www.lodelmomentoloja.com\/index.php?rest_route=\/wp\/v2\/posts\/28052\/revisions"}],"predecessor-version":[{"id":28055,"href":"https:\/\/www.lodelmomentoloja.com\/index.php?rest_route=\/wp\/v2\/posts\/28052\/revisions\/28055"}],"wp:attachment":[{"href":"https:\/\/www.lodelmomentoloja.com\/index.php?rest_route=%2Fwp%2Fv2%2Fmedia&parent=28052"}],"wp:term":[{"taxonomy":"category","embeddable":true,"href":"https:\/\/www.lodelmomentoloja.com\/index.php?rest_route=%2Fwp%2Fv2%2Fcategories&post=28052"},{"taxonomy":"post_tag","embeddable":true,"href":"https:\/\/www.lodelmomentoloja.com\/index.php?rest_route=%2Fwp%2Fv2%2Ftags&post=28052"}],"curies":[{"name":"wp","href":"https:\/\/api.w.org\/{rel}","templated":true}]}}