{"id":28036,"date":"2025-09-26T15:57:23","date_gmt":"2025-09-26T15:57:23","guid":{"rendered":"https:\/\/www.lodelmomentoloja.com\/?p=28036"},"modified":"2025-09-26T20:58:53","modified_gmt":"2025-09-26T20:58:53","slug":"testimonios-de-superacion-que-marcan-la-vida-de-abanderados-y-escoltas-en-el-ecuador","status":"publish","type":"post","link":"https:\/\/www.lodelmomentoloja.com\/?p=28036","title":{"rendered":"Testimonios de superaci\u00f3n que marcan la vida de abanderados y escoltas en el Ecuador"},"content":{"rendered":"<p class=\"selectable-text copyable-text x15bjb6t x1n2onr6\"><span class=\"x19la9d6 x1fc57z9 x6ikm8r x10wlt62 x19co3pv x1g5zs5t xfibh0p xiy17q3 x1xsqp64 x1lkfr7t xexx8yu xyri2b x18d9i69 x1c1uobl\"><span class=\"xrtxmta x1bhl96m\"><img loading=\"lazy\" decoding=\"async\" class=\"wp-image-28038 aligncenter\" src=\"http:\/\/www.lodelmomentoloja.com\/wp-content\/uploads\/2025\/09\/NOTICIA-VIDEO-LDM-2-1-300x169.jpg\" alt=\"\" width=\"1095\" height=\"617\" srcset=\"https:\/\/www.lodelmomentoloja.com\/wp-content\/uploads\/2025\/09\/NOTICIA-VIDEO-LDM-2-1-300x169.jpg 300w, https:\/\/www.lodelmomentoloja.com\/wp-content\/uploads\/2025\/09\/NOTICIA-VIDEO-LDM-2-1-1024x576.jpg 1024w, https:\/\/www.lodelmomentoloja.com\/wp-content\/uploads\/2025\/09\/NOTICIA-VIDEO-LDM-2-1-768x432.jpg 768w, https:\/\/www.lodelmomentoloja.com\/wp-content\/uploads\/2025\/09\/NOTICIA-VIDEO-LDM-2-1-640x360.jpg 640w, https:\/\/www.lodelmomentoloja.com\/wp-content\/uploads\/2025\/09\/NOTICIA-VIDEO-LDM-2-1-1536x864.jpg 1536w, https:\/\/www.lodelmomentoloja.com\/wp-content\/uploads\/2025\/09\/NOTICIA-VIDEO-LDM-2-1.jpg 1920w\" sizes=\"(max-width: 1095px) 100vw, 1095px\" \/><\/p>\n<p>\ud83c\uddea\ud83c\udde8<\/span><\/span><span class=\"x19la9d6 x1fc57z9 x6ikm8r x10wlt62 x19co3pv x1g5zs5t xfibh0p xiy17q3 x1xsqp64 x1lkfr7t xexx8yu xyri2b x18d9i69 x1c1uobl\"><span class=\"xrtxmta x1bhl96m\">\ud83d\udc4f\ud83c\udffb<\/span><\/span><span class=\"x19la9d6 x1fc57z9 x6ikm8r x10wlt62 x19co3pv x1g5zs5t xfibh0p xiy17q3 x1xsqp64 x1lkfr7t xexx8yu xyri2b x18d9i69 x1c1uobl\"><span class=\"xrtxmta x1bhl96m\">\ud83e\udd13<\/span><\/span><span class=\"selectable-text copyable-text xkrh14z\"> \u00a1Digno de aplaudir! Este 26 de septiembre, abanderados y escoltas comparten sus historias que fueron el motor de superaci\u00f3n para alcanzar los logros acad\u00e9micos obtenidos, mensajes de gratitud dirigidos a sus familias quienes los acompa\u00f1aron en el proceso.<\/span><\/p>\n<div style=\"width: 640px;\" class=\"wp-video\"><!--[if lt IE 9]><script>document.createElement('video');<\/script><![endif]-->\n<video class=\"wp-video-shortcode\" id=\"video-28036-1\" width=\"640\" height=\"360\" preload=\"metadata\" controls=\"controls\"><source type=\"video\/mp4\" src=\"http:\/\/www.lodelmomentoloja.com\/wp-content\/uploads\/2025\/09\/JURAMENTO-A-LA-BANDERA-REDUCIDO.mp4?_=1\" \/><a href=\"http:\/\/www.lodelmomentoloja.com\/wp-content\/uploads\/2025\/09\/JURAMENTO-A-LA-BANDERA-REDUCIDO.mp4\">http:\/\/www.lodelmomentoloja.com\/wp-content\/uploads\/2025\/09\/JURAMENTO-A-LA-BANDERA-REDUCIDO.mp4<\/a><\/video><\/div>\n<p class=\"selectable-text copyable-text x15bjb6t x1n2onr6\">\n<p>Este es el caso de Abraham Veliz Manzaba un joven con discapacidad quien a sus 16 a\u00f1os de edad se convirti\u00f3 en abanderado del Pabell\u00f3n Nacional de la Unidad Educativa Especializada \u201cCarlos Rafael Mora Pe\u00f1afiel\u201d en Guayaquil. Abraham ha sobrevivido a m\u00faltiples hospitalizaciones, cirug\u00edas y su lucha contra la tuberculosis \u00f3sea que le provoc\u00f3 paraplejia, sin embargo, hoy demuestra que pese a sus limitaciones tiene sue\u00f1os que cumplir.<\/p>\n<p>Pero no es el \u00fanico, Jerem\u00edas Maury Cazar tambi\u00e9n tiene una historia digna de contar, con un promedio de 9,89 es el abanderado del Pabell\u00f3n Nacional de la Unidad Educativa a Distancia Guayacanes. Este joven aprendi\u00f3 a escribir con los pies debido a una deformidad en sus manos, la cual le imped\u00eda realizar varias actividades. Su logr\u00f3 emocion\u00f3 a su familia y lleno de nostalgia recuerda los esfuerzos que realiz\u00f3 su madre para que \u00e9l aprendiera a leer y escribir.<\/p>\n<p>Lian Huac\u00f3n Corral logr\u00f3 convertirse en el primer escolta del Pabell\u00f3n de Guayaquil de la Unidad Educativa Fiscal Modesto Carbo Noboa, con un puntaje de 9.30. Su madre f4ll3c1\u00f3 el a\u00f1o pasado, un hecho que trastoc\u00f3 su vida y dedic\u00f3 su triunfo a su madre que lo acompa\u00f1a desde el cielo.<\/p>\n<p>A ellos se suma Angelina Lozano una mujer de 63 a\u00f1os de edad quien fue designada como escolta del Pabell\u00f3n de Guayaquil en la Unidad Educativa 9 de Octubre que oferta la Educaci\u00f3n para j\u00f3venes y adultos (EBJA) en la jornada nocturna. Ella retom\u00f3 sus estudios que dej\u00f3 inconclusos en Primero de B\u00e1sica. Hoy cuatro a\u00f1os despu\u00e9s, con 8.52 de promedio, nos demuestra que la edad es solo un n\u00famero.<\/p>\n<p>Estas historias son muestra de c\u00f3mo d\u00eda a d\u00eda, ni\u00f1os, j\u00f3venes y adultos se esfuerzan para cumplir sus sue\u00f1os y hoy, 26 de septiembre, le rinden homenaje a nuestro s\u00edmbolo patrio.<\/p>\n<p class=\"selectable-text copyable-text x15bjb6t x1n2onr6\"><span class=\"x19la9d6 x1fc57z9 x6ikm8r x10wlt62 x19co3pv x1g5zs5t xfibh0p xiy17q3 x1xsqp64 x1lkfr7t xexx8yu xyri2b x18d9i69 x1c1uobl\"><span class=\"xrtxmta x1bhl96m\">\ud83c\udf10<\/span><\/span><span class=\"x19la9d6 x1fc57z9 x6ikm8r x10wlt62 x19co3pv x1g5zs5t xfibh0p xiy17q3 x1xsqp64 x1lkfr7t xexx8yu xyri2b x18d9i69 x1c1uobl\"><span class=\"xrtxmta x1bhl96m\">\u2705<\/span><\/span><span class=\"selectable-text copyable-text xkrh14z\"> S\u00edguenos en nuestra p\u00e1gina verificada: <\/span><span class=\"selectable-text copyable-text xkrh14z\">https:\/\/www.facebook.com\/lodelmomentolojaEC<\/span><\/p>\n<p class=\"selectable-text copyable-text x15bjb6t x1n2onr6\"><span class=\"selectable-text copyable-text xkrh14z\">www.lodelmomentoloja.com<\/span><\/p>\n<p class=\"selectable-text copyable-text x15bjb6t x1n2onr6\"><span class=\"selectable-text copyable-text xkrh14z\">#LDMnoticias #lodelmomentolojaLDM<\/span><\/p>\n","protected":false},"excerpt":{"rendered":"<p>\ud83c\uddea\ud83c\udde8\ud83d\udc4f\ud83c\udffb\ud83e\udd13 \u00a1Digno de aplaudir! Este 26 de septiembre, abanderados y escoltas comparten sus historias que&#8230;<\/p>\n","protected":false},"author":1,"featured_media":0,"comment_status":"open","ping_status":"open","sticky":false,"template":"","format":"standard","meta":{"footnotes":""},"categories":[7,1],"tags":[],"class_list":["post-28036","post","type-post","status-publish","format-standard","hentry","category-ecuador","category-inicio"],"_links":{"self":[{"href":"https:\/\/www.lodelmomentoloja.com\/index.php?rest_route=\/wp\/v2\/posts\/28036"}],"collection":[{"href":"https:\/\/www.lodelmomentoloja.com\/index.php?rest_route=\/wp\/v2\/posts"}],"about":[{"href":"https:\/\/www.lodelmomentoloja.com\/index.php?rest_route=\/wp\/v2\/types\/post"}],"author":[{"embeddable":true,"href":"https:\/\/www.lodelmomentoloja.com\/index.php?rest_route=\/wp\/v2\/users\/1"}],"replies":[{"embeddable":true,"href":"https:\/\/www.lodelmomentoloja.com\/index.php?rest_route=%2Fwp%2Fv2%2Fcomments&post=28036"}],"version-history":[{"count":1,"href":"https:\/\/www.lodelmomentoloja.com\/index.php?rest_route=\/wp\/v2\/posts\/28036\/revisions"}],"predecessor-version":[{"id":28039,"href":"https:\/\/www.lodelmomentoloja.com\/index.php?rest_route=\/wp\/v2\/posts\/28036\/revisions\/28039"}],"wp:attachment":[{"href":"https:\/\/www.lodelmomentoloja.com\/index.php?rest_route=%2Fwp%2Fv2%2Fmedia&parent=28036"}],"wp:term":[{"taxonomy":"category","embeddable":true,"href":"https:\/\/www.lodelmomentoloja.com\/index.php?rest_route=%2Fwp%2Fv2%2Fcategories&post=28036"},{"taxonomy":"post_tag","embeddable":true,"href":"https:\/\/www.lodelmomentoloja.com\/index.php?rest_route=%2Fwp%2Fv2%2Ftags&post=28036"}],"curies":[{"name":"wp","href":"https:\/\/api.w.org\/{rel}","templated":true}]}}