{"id":28032,"date":"2025-09-26T11:54:42","date_gmt":"2025-09-26T11:54:42","guid":{"rendered":"https:\/\/www.lodelmomentoloja.com\/?p=28032"},"modified":"2025-09-26T16:55:45","modified_gmt":"2025-09-26T16:55:45","slug":"dia-de-la-bandera-nacional-del-ecuador","status":"publish","type":"post","link":"https:\/\/www.lodelmomentoloja.com\/?p=28032","title":{"rendered":"D\u00cdA DE LA BANDERA NACIONAL DEL ECUADOR"},"content":{"rendered":"<p>\ud83c\uddea\ud83c\udde8\ud83d\udcaa\ud83c\udffb\u2764\ufe0f\u00a1D\u00eda de la Bandera Nacional! Hoy, 26 de septiembre, rendimos homenaje a uno de los m\u00e1s altos s\u00edmbolos patrios: nuestra Bandera Nacional. M\u00e1s que un emblema, la bandera ecuatoriana es un reflejo de nuestra identidad, nuestra historia y nuestro compromiso como ciudadanos.<\/p>\n<p>El amarillo representa la abundancia y la riqueza de nuestro suelo, el sol brillante que alumbra nuestras esperanzas; el azul simboliza el cielo que cubre nuestra naci\u00f3n y los mares que la abrazan; y el rojo recuerda la s4ngre de los h\u00e9roes que lucharon por nuestra libertad, con valor y sacrificio.<\/p>\n<p>\ud83c\udf10\u2705 S\u00edguenos en nuestra p\u00e1gina verificada: https:\/\/www.facebook.com\/lodelmomentolojaEC<\/p>\n<p>www.lodelmomentoloja.com<br \/>\n<a class=\"x1i10hfl xjbqb8w x1ejq31n x18oe1m7 x1sy0etr xstzfhl x972fbf x10w94by x1qhh985 x14e42zd x9f619 x1ypdohk xt0psk2 x3ct3a4 xdj266r x14z9mp xat24cr x1lziwak xexx8yu xyri2b x18d9i69 x1c1uobl x16tdsg8 x1hl2dhg xggy1nq x1a2a7pz  _aa9_ _a6hd\" tabindex=\"0\" role=\"link\" href=\"https:\/\/www.instagram.com\/explore\/tags\/ldmnoticias\/\">#LDMnoticias<\/a>\u00a0<a class=\"x1i10hfl xjbqb8w x1ejq31n x18oe1m7 x1sy0etr xstzfhl x972fbf x10w94by x1qhh985 x14e42zd x9f619 x1ypdohk xt0psk2 x3ct3a4 xdj266r x14z9mp xat24cr x1lziwak xexx8yu xyri2b x18d9i69 x1c1uobl x16tdsg8 x1hl2dhg xggy1nq x1a2a7pz  _aa9_ _a6hd\" tabindex=\"0\" role=\"link\" href=\"https:\/\/www.instagram.com\/explore\/tags\/lodelmomentolojaldm\/\">#lodelmomentolojaLDM<\/a><\/p>\n","protected":false},"excerpt":{"rendered":"<p>\ud83c\uddea\ud83c\udde8\ud83d\udcaa\ud83c\udffb\u2764\ufe0f\u00a1D\u00eda de la Bandera Nacional! Hoy, 26 de septiembre, rendimos homenaje a uno de los&#8230;<\/p>\n","protected":false},"author":1,"featured_media":28033,"comment_status":"open","ping_status":"open","sticky":false,"template":"","format":"standard","meta":{"footnotes":""},"categories":[7,1,5],"tags":[],"class_list":["post-28032","post","type-post","status-publish","format-standard","has-post-thumbnail","hentry","category-ecuador","category-inicio","category-loja"],"_links":{"self":[{"href":"https:\/\/www.lodelmomentoloja.com\/index.php?rest_route=\/wp\/v2\/posts\/28032"}],"collection":[{"href":"https:\/\/www.lodelmomentoloja.com\/index.php?rest_route=\/wp\/v2\/posts"}],"about":[{"href":"https:\/\/www.lodelmomentoloja.com\/index.php?rest_route=\/wp\/v2\/types\/post"}],"author":[{"embeddable":true,"href":"https:\/\/www.lodelmomentoloja.com\/index.php?rest_route=\/wp\/v2\/users\/1"}],"replies":[{"embeddable":true,"href":"https:\/\/www.lodelmomentoloja.com\/index.php?rest_route=%2Fwp%2Fv2%2Fcomments&post=28032"}],"version-history":[{"count":1,"href":"https:\/\/www.lodelmomentoloja.com\/index.php?rest_route=\/wp\/v2\/posts\/28032\/revisions"}],"predecessor-version":[{"id":28034,"href":"https:\/\/www.lodelmomentoloja.com\/index.php?rest_route=\/wp\/v2\/posts\/28032\/revisions\/28034"}],"wp:featuredmedia":[{"embeddable":true,"href":"https:\/\/www.lodelmomentoloja.com\/index.php?rest_route=\/wp\/v2\/media\/28033"}],"wp:attachment":[{"href":"https:\/\/www.lodelmomentoloja.com\/index.php?rest_route=%2Fwp%2Fv2%2Fmedia&parent=28032"}],"wp:term":[{"taxonomy":"category","embeddable":true,"href":"https:\/\/www.lodelmomentoloja.com\/index.php?rest_route=%2Fwp%2Fv2%2Fcategories&post=28032"},{"taxonomy":"post_tag","embeddable":true,"href":"https:\/\/www.lodelmomentoloja.com\/index.php?rest_route=%2Fwp%2Fv2%2Ftags&post=28032"}],"curies":[{"name":"wp","href":"https:\/\/api.w.org\/{rel}","templated":true}]}}