{"id":28026,"date":"2025-09-26T11:27:16","date_gmt":"2025-09-26T11:27:16","guid":{"rendered":"https:\/\/www.lodelmomentoloja.com\/?p=28026"},"modified":"2025-09-26T16:42:47","modified_gmt":"2025-09-26T16:42:47","slug":"festival-de-colada-morada-y-guaguas-de-pan-ya-tiene-fecha-en-loja","status":"publish","type":"post","link":"https:\/\/www.lodelmomentoloja.com\/?p=28026","title":{"rendered":"FESTIVAL DE COLADA MORADA Y GUAGUAS DE PAN YA TIENE FECHA EN LOJA"},"content":{"rendered":"<p>\ud83e\udd24\ud83e\uddcb\ud83e\udd50 \u00a1Todo listo! El Festival de Colada Morada y Guaguas de Pan, una tradici\u00f3n ecuatoriana que se realiza cada a\u00f1o, ya cuenta con una fecha para poder disfrutar de la misma, ya que se desarrollar\u00e1 del 27 de octubre al 2 de noviembre de 2025 y habr\u00e1 un total de 130 adjudicatarias que se colocar\u00e1n en la calle 18 de Noviembre, plaza de El Valle, Parque de los Molinos y en los portales de San Sebasti\u00e1n, quienes podr\u00e1n ofertar y la ciudadan\u00eda degustar de esta delicia culinaria.<\/p>\n<p>\ud83c\udf10\u2705 S\u00edguenos en nuestra p\u00e1gina verificada: https:\/\/www.facebook.com\/lodelmomentolojaEC<\/p>\n<p>www.lodelmomentoloja.com<br \/>\n<a class=\"x1i10hfl xjbqb8w x1ejq31n x18oe1m7 x1sy0etr xstzfhl x972fbf x10w94by x1qhh985 x14e42zd x9f619 x1ypdohk xt0psk2 x3ct3a4 xdj266r x14z9mp xat24cr x1lziwak xexx8yu xyri2b x18d9i69 x1c1uobl x16tdsg8 x1hl2dhg xggy1nq x1a2a7pz  _aa9_ _a6hd\" tabindex=\"0\" role=\"link\" href=\"https:\/\/www.instagram.com\/explore\/tags\/ldmnoticias\/\">#LDMnoticias<\/a>\u00a0<a class=\"x1i10hfl xjbqb8w x1ejq31n x18oe1m7 x1sy0etr xstzfhl x972fbf x10w94by x1qhh985 x14e42zd x9f619 x1ypdohk xt0psk2 x3ct3a4 xdj266r x14z9mp xat24cr x1lziwak xexx8yu xyri2b x18d9i69 x1c1uobl x16tdsg8 x1hl2dhg xggy1nq x1a2a7pz  _aa9_ _a6hd\" tabindex=\"0\" role=\"link\" href=\"https:\/\/www.instagram.com\/explore\/tags\/lodelmomentolojaldm\/\">#lodelmomentolojaLDM<\/a><\/p>\n","protected":false},"excerpt":{"rendered":"<p>\ud83e\udd24\ud83e\uddcb\ud83e\udd50 \u00a1Todo listo! El Festival de Colada Morada y Guaguas de Pan, una tradici\u00f3n ecuatoriana&#8230;<\/p>\n","protected":false},"author":1,"featured_media":28027,"comment_status":"open","ping_status":"open","sticky":false,"template":"","format":"standard","meta":{"footnotes":""},"categories":[7,1,5],"tags":[],"class_list":["post-28026","post","type-post","status-publish","format-standard","has-post-thumbnail","hentry","category-ecuador","category-inicio","category-loja"],"_links":{"self":[{"href":"https:\/\/www.lodelmomentoloja.com\/index.php?rest_route=\/wp\/v2\/posts\/28026"}],"collection":[{"href":"https:\/\/www.lodelmomentoloja.com\/index.php?rest_route=\/wp\/v2\/posts"}],"about":[{"href":"https:\/\/www.lodelmomentoloja.com\/index.php?rest_route=\/wp\/v2\/types\/post"}],"author":[{"embeddable":true,"href":"https:\/\/www.lodelmomentoloja.com\/index.php?rest_route=\/wp\/v2\/users\/1"}],"replies":[{"embeddable":true,"href":"https:\/\/www.lodelmomentoloja.com\/index.php?rest_route=%2Fwp%2Fv2%2Fcomments&post=28026"}],"version-history":[{"count":1,"href":"https:\/\/www.lodelmomentoloja.com\/index.php?rest_route=\/wp\/v2\/posts\/28026\/revisions"}],"predecessor-version":[{"id":28028,"href":"https:\/\/www.lodelmomentoloja.com\/index.php?rest_route=\/wp\/v2\/posts\/28026\/revisions\/28028"}],"wp:featuredmedia":[{"embeddable":true,"href":"https:\/\/www.lodelmomentoloja.com\/index.php?rest_route=\/wp\/v2\/media\/28027"}],"wp:attachment":[{"href":"https:\/\/www.lodelmomentoloja.com\/index.php?rest_route=%2Fwp%2Fv2%2Fmedia&parent=28026"}],"wp:term":[{"taxonomy":"category","embeddable":true,"href":"https:\/\/www.lodelmomentoloja.com\/index.php?rest_route=%2Fwp%2Fv2%2Fcategories&post=28026"},{"taxonomy":"post_tag","embeddable":true,"href":"https:\/\/www.lodelmomentoloja.com\/index.php?rest_route=%2Fwp%2Fv2%2Ftags&post=28026"}],"curies":[{"name":"wp","href":"https:\/\/api.w.org\/{rel}","templated":true}]}}