{"id":28019,"date":"2025-09-26T09:24:24","date_gmt":"2025-09-26T09:24:24","guid":{"rendered":"https:\/\/www.lodelmomentoloja.com\/?p=28019"},"modified":"2025-09-26T14:55:02","modified_gmt":"2025-09-26T14:55:02","slug":"via-zamora-yantzaza-habilitada-tras-el-paro","status":"publish","type":"post","link":"https:\/\/www.lodelmomentoloja.com\/?p=28019","title":{"rendered":"V\u00cdA ZAMORA &#8211; YANTZAZA HABILITADA TRAS EL PARO"},"content":{"rendered":"<p>\ud83d\ude98\u26a0\ufe0f\ud83d\udee3\ufe0f\u00a1Paso sin problemas! En las primeras horas de la ma\u00f1ana de este 26 de septiembre, miembros de organizaciones sociales de Zamora Chinchipe se unieron al paro nacional, con el cierre de la v\u00eda Zamora &#8211; Yantzaza, a la altura del puente de La Saquea, mismo que gener\u00f3 una fuerte congesti\u00f3n vehicular en el punto. Sin embargo, dos horas despu\u00e9s, personal policial, logr\u00f3 desalojar los obst\u00e1culos que imped\u00edan la libre circulaci\u00f3n, habilitando la v\u00eda en su totalidad.<\/p>\n<p>\ud83c\udf10\u2705 S\u00edguenos en nuestra p\u00e1gina verificada: https:\/\/www.facebook.com\/lodelmomentolojaEC<\/p>\n<p>www.lodelmomentoloja.com<br \/>\n<a class=\"x1i10hfl xjbqb8w x1ejq31n x18oe1m7 x1sy0etr xstzfhl x972fbf x10w94by x1qhh985 x14e42zd x9f619 x1ypdohk xt0psk2 x3ct3a4 xdj266r x14z9mp xat24cr x1lziwak xexx8yu xyri2b x18d9i69 x1c1uobl x16tdsg8 x1hl2dhg xggy1nq x1a2a7pz  _aa9_ _a6hd\" tabindex=\"0\" role=\"link\" href=\"https:\/\/www.instagram.com\/explore\/tags\/ldmnoticias\/\">#LDMnoticias<\/a>\u00a0<a class=\"x1i10hfl xjbqb8w x1ejq31n x18oe1m7 x1sy0etr xstzfhl x972fbf x10w94by x1qhh985 x14e42zd x9f619 x1ypdohk xt0psk2 x3ct3a4 xdj266r x14z9mp xat24cr x1lziwak xexx8yu xyri2b x18d9i69 x1c1uobl x16tdsg8 x1hl2dhg xggy1nq x1a2a7pz  _aa9_ _a6hd\" tabindex=\"0\" role=\"link\" href=\"https:\/\/www.instagram.com\/explore\/tags\/lodelmomentolojaldm\/\">#lodelmomentolojaLDM<\/a><\/p>\n","protected":false},"excerpt":{"rendered":"<p>\ud83d\ude98\u26a0\ufe0f\ud83d\udee3\ufe0f\u00a1Paso sin problemas! En las primeras horas de la ma\u00f1ana de este 26 de septiembre,&#8230;<\/p>\n","protected":false},"author":1,"featured_media":28020,"comment_status":"open","ping_status":"open","sticky":false,"template":"","format":"standard","meta":{"footnotes":""},"categories":[7,1,5],"tags":[],"class_list":["post-28019","post","type-post","status-publish","format-standard","has-post-thumbnail","hentry","category-ecuador","category-inicio","category-loja"],"_links":{"self":[{"href":"https:\/\/www.lodelmomentoloja.com\/index.php?rest_route=\/wp\/v2\/posts\/28019"}],"collection":[{"href":"https:\/\/www.lodelmomentoloja.com\/index.php?rest_route=\/wp\/v2\/posts"}],"about":[{"href":"https:\/\/www.lodelmomentoloja.com\/index.php?rest_route=\/wp\/v2\/types\/post"}],"author":[{"embeddable":true,"href":"https:\/\/www.lodelmomentoloja.com\/index.php?rest_route=\/wp\/v2\/users\/1"}],"replies":[{"embeddable":true,"href":"https:\/\/www.lodelmomentoloja.com\/index.php?rest_route=%2Fwp%2Fv2%2Fcomments&post=28019"}],"version-history":[{"count":1,"href":"https:\/\/www.lodelmomentoloja.com\/index.php?rest_route=\/wp\/v2\/posts\/28019\/revisions"}],"predecessor-version":[{"id":28021,"href":"https:\/\/www.lodelmomentoloja.com\/index.php?rest_route=\/wp\/v2\/posts\/28019\/revisions\/28021"}],"wp:featuredmedia":[{"embeddable":true,"href":"https:\/\/www.lodelmomentoloja.com\/index.php?rest_route=\/wp\/v2\/media\/28020"}],"wp:attachment":[{"href":"https:\/\/www.lodelmomentoloja.com\/index.php?rest_route=%2Fwp%2Fv2%2Fmedia&parent=28019"}],"wp:term":[{"taxonomy":"category","embeddable":true,"href":"https:\/\/www.lodelmomentoloja.com\/index.php?rest_route=%2Fwp%2Fv2%2Fcategories&post=28019"},{"taxonomy":"post_tag","embeddable":true,"href":"https:\/\/www.lodelmomentoloja.com\/index.php?rest_route=%2Fwp%2Fv2%2Ftags&post=28019"}],"curies":[{"name":"wp","href":"https:\/\/api.w.org\/{rel}","templated":true}]}}