{"id":28005,"date":"2025-09-25T13:25:24","date_gmt":"2025-09-25T13:25:24","guid":{"rendered":"https:\/\/www.lodelmomentoloja.com\/?p=28005"},"modified":"2025-09-25T18:30:24","modified_gmt":"2025-09-25T18:30:24","slug":"en-el-cuarto-dia-del-paro-nacional-la-presencia-de-personas-es-escasa","status":"publish","type":"post","link":"https:\/\/www.lodelmomentoloja.com\/?p=28005","title":{"rendered":"En el cuarto d\u00eda del Paro Nacional la presencia de personas es escasa"},"content":{"rendered":"<p><img loading=\"lazy\" decoding=\"async\" class=\"alignnone size-medium wp-image-28007\" src=\"http:\/\/www.lodelmomentoloja.com\/wp-content\/uploads\/2025\/09\/SAVE_20250925_132936-300x169.jpg\" alt=\"\" width=\"300\" height=\"169\" srcset=\"https:\/\/www.lodelmomentoloja.com\/wp-content\/uploads\/2025\/09\/SAVE_20250925_132936-300x169.jpg 300w, https:\/\/www.lodelmomentoloja.com\/wp-content\/uploads\/2025\/09\/SAVE_20250925_132936-1024x576.jpg 1024w, https:\/\/www.lodelmomentoloja.com\/wp-content\/uploads\/2025\/09\/SAVE_20250925_132936-768x432.jpg 768w, https:\/\/www.lodelmomentoloja.com\/wp-content\/uploads\/2025\/09\/SAVE_20250925_132936-640x360.jpg 640w, https:\/\/www.lodelmomentoloja.com\/wp-content\/uploads\/2025\/09\/SAVE_20250925_132936-1536x864.jpg 1536w, https:\/\/www.lodelmomentoloja.com\/wp-content\/uploads\/2025\/09\/SAVE_20250925_132936.jpg 1920w\" sizes=\"(max-width: 300px) 100vw, 300px\" \/><\/p>\n<p>&nbsp;<\/p>\n<p>\ud83c\uddea\ud83c\udde8\ud83d\udea8\ud83d\ude31 \u00a1Con poca afluencia! Ecuador vive el cuarto d\u00eda de paro nacional este jueves 25 de septiembre y, aunque se esperaban movilizaciones masivas por parte de las diferentes organizaciones sociales en el transcurso de la semana, la realidad es distinta.<\/p>\n<div style=\"width: 640px;\" class=\"wp-video\"><!--[if lt IE 9]><script>document.createElement('video');<\/script><![endif]-->\n<video class=\"wp-video-shortcode\" id=\"video-28005-1\" width=\"640\" height=\"360\" preload=\"metadata\" controls=\"controls\"><source type=\"video\/mp4\" src=\"http:\/\/www.lodelmomentoloja.com\/wp-content\/uploads\/2025\/09\/POCA-AFLUENCIA-EN-EL-PARO-NACIONAL-REDUCIDO.mp4?_=1\" \/><a href=\"http:\/\/www.lodelmomentoloja.com\/wp-content\/uploads\/2025\/09\/POCA-AFLUENCIA-EN-EL-PARO-NACIONAL-REDUCIDO.mp4\">http:\/\/www.lodelmomentoloja.com\/wp-content\/uploads\/2025\/09\/POCA-AFLUENCIA-EN-EL-PARO-NACIONAL-REDUCIDO.mp4<\/a><\/video><\/div>\n<p>Con pocos manifestantes en las calles es como contin\u00faan las protestas en el pa\u00eds.<\/p>\n<p>&nbsp;<\/p>\n<p>Ecuador vive el cuarto d\u00eda de paro nacional este jueves 25 de septiembre y, aunque se esperaban movilizaciones masivas por parte de las diferentes organizaciones sociales en el transcurso de la semana, la realidad es distinta.<\/p>\n<p>&nbsp;<\/p>\n<p>Las manifestaciones se mantienen activas en provincias como Imbabura, Pichincha, Cotopaxi y Zamora Chinchipe, con cierres viales en tramos como Otavalo-Cotacachi, Tabacundo-Cajas y Cusubamba-Cayambe.<\/p>\n<p>&nbsp;<\/p>\n<p>En el sector de Guachal\u00e1, en el cant\u00f3n Cayambe en Pichincha, miembros de comunidades ind\u00edgenas se han movilizado en la Panamericana Norte.<\/p>\n<p>&nbsp;<\/p>\n<p>Varios ciudadanos han reportado que algunas gasolineras en Ibarra est\u00e1n cerradas debido a que no han podido abastecerse de combustible por los diversos bloqueos viales en el pa\u00eds.<\/p>\n<p>&nbsp;<\/p>\n<p>Personal de las Fuerzas Armadas restableci\u00f3 la circulaci\u00f3n vehicular en el sector de Cutuglagua, al sur de la capital, tras haber sido bloqueada por las manifestaciones con palo y quema de llantas. Personal militar a\u00fan se mantiene en la zona.<\/p>\n<p>&nbsp;<\/p>\n<p>En horas de la ma\u00f1ana, manifestantes y moradores de Pambamarquito en Pichincha cerraron la v\u00eda E35, la cual conecta Quito con Cayambe. Hasta el momento la protesta se mantiene pac\u00edfica con la carretera bloqueada con palos, troncos y piedras impidiendo el paso vehicular.<\/p>\n<p>&nbsp;<\/p>\n<p>Adem\u00e1s, se reportaron m\u00e1s de 60 detenciones, incluyendo dos ciudadanos extranjeros vinculados presuntamente al Tren de Aragua, lo que gener\u00f3 denuncias de criminalizaci\u00f3n por parte de la Conaie. En varias localidades, como Imbabura y Cotopaxi, se suspendieron las clases presenciales por motivos de seguridad.<\/p>\n<p>&nbsp;<\/p>\n<p>Pese a que los accesos son obstaculizados, no duran mucho tiempo, puesto que, las fuerzas del orden dispersan a los manifestantes casi de manera inmediata, despertando inquietudes sobre los efectos que, de momento, est\u00e1n dejando las protestas.<\/p>\n<p>&nbsp;<\/p>\n<p>Recordemos que, en 2019 y 2022 los paros nacionales en contra de los Gobiernos de Len\u00edn Moreno y Guillermo Lasso dejaron p\u00e9rdidas millonarias para los ecuatorianos, sin embargo, para este 2025, los ciudadanos, aparentemente, prefirieron no sumarse a las marchas, provocando que estas manifestaciones, de momento, no den los resultados esperados \u00bfSer\u00e1 que los ecuatorianos respaldas las medias gubernamentales o simplemente no quieren m\u00e1s paralizaciones?<\/p>\n<p>\ud83c\udf10\u2705 S\u00edguenos en nuestra p\u00e1gina verificada: https:\/\/www.facebook.com\/lodelmomentolojaEC<\/p>\n<p>www.lodelmomentoloja.com<\/p>\n<p>#LDMnoticias #lodelmomentolojaLDM<\/p>\n","protected":false},"excerpt":{"rendered":"<p>&nbsp; \ud83c\uddea\ud83c\udde8\ud83d\udea8\ud83d\ude31 \u00a1Con poca afluencia! Ecuador vive el cuarto d\u00eda de paro nacional este jueves&#8230;<\/p>\n","protected":false},"author":1,"featured_media":0,"comment_status":"open","ping_status":"open","sticky":false,"template":"","format":"standard","meta":{"footnotes":""},"categories":[7,1],"tags":[],"class_list":["post-28005","post","type-post","status-publish","format-standard","hentry","category-ecuador","category-inicio"],"_links":{"self":[{"href":"https:\/\/www.lodelmomentoloja.com\/index.php?rest_route=\/wp\/v2\/posts\/28005"}],"collection":[{"href":"https:\/\/www.lodelmomentoloja.com\/index.php?rest_route=\/wp\/v2\/posts"}],"about":[{"href":"https:\/\/www.lodelmomentoloja.com\/index.php?rest_route=\/wp\/v2\/types\/post"}],"author":[{"embeddable":true,"href":"https:\/\/www.lodelmomentoloja.com\/index.php?rest_route=\/wp\/v2\/users\/1"}],"replies":[{"embeddable":true,"href":"https:\/\/www.lodelmomentoloja.com\/index.php?rest_route=%2Fwp%2Fv2%2Fcomments&post=28005"}],"version-history":[{"count":1,"href":"https:\/\/www.lodelmomentoloja.com\/index.php?rest_route=\/wp\/v2\/posts\/28005\/revisions"}],"predecessor-version":[{"id":28008,"href":"https:\/\/www.lodelmomentoloja.com\/index.php?rest_route=\/wp\/v2\/posts\/28005\/revisions\/28008"}],"wp:attachment":[{"href":"https:\/\/www.lodelmomentoloja.com\/index.php?rest_route=%2Fwp%2Fv2%2Fmedia&parent=28005"}],"wp:term":[{"taxonomy":"category","embeddable":true,"href":"https:\/\/www.lodelmomentoloja.com\/index.php?rest_route=%2Fwp%2Fv2%2Fcategories&post=28005"},{"taxonomy":"post_tag","embeddable":true,"href":"https:\/\/www.lodelmomentoloja.com\/index.php?rest_route=%2Fwp%2Fv2%2Ftags&post=28005"}],"curies":[{"name":"wp","href":"https:\/\/api.w.org\/{rel}","templated":true}]}}