{"id":28002,"date":"2025-09-25T16:20:06","date_gmt":"2025-09-25T16:20:06","guid":{"rendered":"https:\/\/www.lodelmomentoloja.com\/?p=28002"},"modified":"2025-09-25T21:21:13","modified_gmt":"2025-09-25T21:21:13","slug":"m4s4cr3-en-la-carcel-de-esmeraldas-deja-al-menos-17-f4ll3c1d0s","status":"publish","type":"post","link":"https:\/\/www.lodelmomentoloja.com\/?p=28002","title":{"rendered":"M4s4cr3 en la c\u00e1rcel de Esmeraldas deja al menos 17 f4ll3c1d0s"},"content":{"rendered":"<p class=\"selectable-text copyable-text x15bjb6t x1n2onr6\"><span class=\"x19la9d6 x1fc57z9 x6ikm8r x10wlt62 x19co3pv x1g5zs5t xfibh0p xiy17q3 x1xsqp64 x1lkfr7t xexx8yu xyri2b x18d9i69 x1c1uobl\"><span class=\"xrtxmta x1bhl96m\"><img loading=\"lazy\" decoding=\"async\" class=\"wp-image-28010 aligncenter\" src=\"http:\/\/www.lodelmomentoloja.com\/wp-content\/uploads\/2025\/09\/NOTICIA-VIDEO-LDM-8-300x169.jpg\" alt=\"\" width=\"1085\" height=\"611\" srcset=\"https:\/\/www.lodelmomentoloja.com\/wp-content\/uploads\/2025\/09\/NOTICIA-VIDEO-LDM-8-300x169.jpg 300w, https:\/\/www.lodelmomentoloja.com\/wp-content\/uploads\/2025\/09\/NOTICIA-VIDEO-LDM-8-1024x576.jpg 1024w, https:\/\/www.lodelmomentoloja.com\/wp-content\/uploads\/2025\/09\/NOTICIA-VIDEO-LDM-8-768x432.jpg 768w, https:\/\/www.lodelmomentoloja.com\/wp-content\/uploads\/2025\/09\/NOTICIA-VIDEO-LDM-8-640x360.jpg 640w, https:\/\/www.lodelmomentoloja.com\/wp-content\/uploads\/2025\/09\/NOTICIA-VIDEO-LDM-8-1536x864.jpg 1536w, https:\/\/www.lodelmomentoloja.com\/wp-content\/uploads\/2025\/09\/NOTICIA-VIDEO-LDM-8.jpg 1920w\" sizes=\"(max-width: 1085px) 100vw, 1085px\" \/><\/p>\n<p>\ud83d\udea8<\/span><\/span><span class=\"x19la9d6 x1fc57z9 x6ikm8r x10wlt62 x19co3pv x1g5zs5t xfibh0p xiy17q3 x1xsqp64 x1lkfr7t xexx8yu xyri2b x18d9i69 x1c1uobl\"><span class=\"xrtxmta x1bhl96m\">\ud83c\uddea\ud83c\udde8<\/span><\/span><span class=\"x19la9d6 x1fc57z9 x6ikm8r x10wlt62 x19co3pv x1g5zs5t xfibh0p xiy17q3 x1xsqp64 x1lkfr7t xexx8yu xyri2b x18d9i69 x1c1uobl\"><span class=\"xrtxmta x1bhl96m\">\ud83d\udde3\ufe0f<\/span><\/span><span class=\"selectable-text copyable-text xkrh14z\"> \u00a1M4s4cr3 penitenciaria! El Centro de Privaci\u00f3n de Libertad de Esmeraldas fue el epicentro de un nuevo enfrentamiento 4rm4d0 entre bandas cr1m1n4les ocurrido la madrugada de este jueves 25 de septiembre el cual, de momento, deja como saldo al menos 17 f4ll3c1d0s, seg\u00fan la Polic\u00eda Nacional, aunque no descartan que la cifra podr\u00eda incrementar. <\/span><\/p>\n<div style=\"width: 640px;\" class=\"wp-video\"><!--[if lt IE 9]><script>document.createElement('video');<\/script><![endif]-->\n<video class=\"wp-video-shortcode\" id=\"video-28002-1\" width=\"640\" height=\"360\" preload=\"metadata\" controls=\"controls\"><source type=\"video\/mp4\" src=\"http:\/\/www.lodelmomentoloja.com\/wp-content\/uploads\/2025\/09\/M4S4CR3-CARCELARIA-EN-ESMERALDAS-REDUCIDO.mp4?_=1\" \/><a href=\"http:\/\/www.lodelmomentoloja.com\/wp-content\/uploads\/2025\/09\/M4S4CR3-CARCELARIA-EN-ESMERALDAS-REDUCIDO.mp4\">http:\/\/www.lodelmomentoloja.com\/wp-content\/uploads\/2025\/09\/M4S4CR3-CARCELARIA-EN-ESMERALDAS-REDUCIDO.mp4<\/a><\/video><\/div>\n<p>Moradores del sector reportaron haber escuchado disparos y detonaciones a eso de las 03H00 de la madrugada y tambi\u00e9n, durante las primeras horas del d\u00eda.<\/p>\n<p>En redes sociales circulan videos de la b4l4c3r4 en el centro carcelario, seg\u00fan el informe policial, un aparente conflicto entre miembros de \u2018Los Tiguerones\u2019, \u2018Los Lobos\u2019, \u2018Choneros\u2019 y privados de libertad no afines a su estructura habr\u00eda desencadenado la m4s4cr3.<\/p>\n<p>Informaci\u00f3n preliminar revela que los enfrentamientos habr\u00edan iniciado en uno de los pabellones de la prisi\u00f3n tras una emboscada en la que fueron sustra\u00eddas las llaves de las celdas, lo que habr\u00eda permitido que los reos 4t3nt3n el resto de reclusos.<\/p>\n<p>Desde la Defensor\u00eda del Pueblo de Esmeraldas se divulgan im\u00e1genes de cuerpos tendidos, algunos h3r1d0s con 4rm4 blanca y d3g0ll4d0s lo que evidenciar\u00eda la v10l3nc14 con la que se perpetr\u00f3 el 4t4qu3.<\/p>\n<p>Ya en horas de la ma\u00f1ana, contingente militar y policial tomaron el control del centro penitenciario y realizaron un cerco de seguridad en los exteriores, mientras familiares de los reclusos exig\u00edan informaci\u00f3n por el estado de sus parientes.<\/p>\n<p>Hechos que conmocionan a los ecuatorianos, puesto que, algunos de estos 4t3nt4d0s son transmitidos por los propios reos a trav\u00e9s de redes sociales como por el ejemplo TikTok, provocando que los internautas sean testigos de los 4t4qu3s.<\/p>\n<p>El v10l3nt0 hech0 se registr\u00f3 tan solo tres d\u00edas despu\u00e9s de la que ocurri\u00f3 en la prisi\u00f3n de Machala, provincia de El Oro, donde se registraron 14 reos f4ll3c1d0s.<\/p>\n<p>Hasta el momento, las autoridades contin\u00faan en el proceso de verificaci\u00f3n de los hechos y, la Polic\u00eda Nacional realiza el levantamiento de los cuerpos, un 4t3nt4d0 que, por el momento, es catalogado como uno de los m\u00e1s v10l3nt0s en el sistema penitenciario en lo que va del 2025.<\/p>\n<p class=\"selectable-text copyable-text x15bjb6t x1n2onr6\">\n<p class=\"selectable-text copyable-text x15bjb6t x1n2onr6\"><span class=\"x19la9d6 x1fc57z9 x6ikm8r x10wlt62 x19co3pv x1g5zs5t xfibh0p xiy17q3 x1xsqp64 x1lkfr7t xexx8yu xyri2b x18d9i69 x1c1uobl\"><span class=\"xrtxmta x1bhl96m\">\ud83c\udf10<\/span><\/span><span class=\"x19la9d6 x1fc57z9 x6ikm8r x10wlt62 x19co3pv x1g5zs5t xfibh0p xiy17q3 x1xsqp64 x1lkfr7t xexx8yu xyri2b x18d9i69 x1c1uobl\"><span class=\"xrtxmta x1bhl96m\">\u2705<\/span><\/span><span class=\"selectable-text copyable-text xkrh14z\"> S\u00edguenos en nuestra p\u00e1gina verificada: <\/span><span class=\"selectable-text copyable-text xkrh14z\">https:\/\/www.facebook.com\/lodelmomentolojaEC<\/span><\/p>\n<p class=\"selectable-text copyable-text x15bjb6t x1n2onr6\"><span class=\"selectable-text copyable-text xkrh14z\">www.lodelmomentoloja.com<\/span><\/p>\n<p class=\"selectable-text copyable-text x15bjb6t x1n2onr6\"><span class=\"selectable-text copyable-text xkrh14z\">#LDMnoticias #lodelmomentolojaLDM<\/span><\/p>\n","protected":false},"excerpt":{"rendered":"<p>\ud83d\udea8\ud83c\uddea\ud83c\udde8\ud83d\udde3\ufe0f \u00a1M4s4cr3 penitenciaria! El Centro de Privaci\u00f3n de Libertad de Esmeraldas fue el epicentro de&#8230;<\/p>\n","protected":false},"author":1,"featured_media":0,"comment_status":"open","ping_status":"open","sticky":false,"template":"","format":"standard","meta":{"footnotes":""},"categories":[7,1,5],"tags":[],"class_list":["post-28002","post","type-post","status-publish","format-standard","hentry","category-ecuador","category-inicio","category-loja"],"_links":{"self":[{"href":"https:\/\/www.lodelmomentoloja.com\/index.php?rest_route=\/wp\/v2\/posts\/28002"}],"collection":[{"href":"https:\/\/www.lodelmomentoloja.com\/index.php?rest_route=\/wp\/v2\/posts"}],"about":[{"href":"https:\/\/www.lodelmomentoloja.com\/index.php?rest_route=\/wp\/v2\/types\/post"}],"author":[{"embeddable":true,"href":"https:\/\/www.lodelmomentoloja.com\/index.php?rest_route=\/wp\/v2\/users\/1"}],"replies":[{"embeddable":true,"href":"https:\/\/www.lodelmomentoloja.com\/index.php?rest_route=%2Fwp%2Fv2%2Fcomments&post=28002"}],"version-history":[{"count":1,"href":"https:\/\/www.lodelmomentoloja.com\/index.php?rest_route=\/wp\/v2\/posts\/28002\/revisions"}],"predecessor-version":[{"id":28011,"href":"https:\/\/www.lodelmomentoloja.com\/index.php?rest_route=\/wp\/v2\/posts\/28002\/revisions\/28011"}],"wp:attachment":[{"href":"https:\/\/www.lodelmomentoloja.com\/index.php?rest_route=%2Fwp%2Fv2%2Fmedia&parent=28002"}],"wp:term":[{"taxonomy":"category","embeddable":true,"href":"https:\/\/www.lodelmomentoloja.com\/index.php?rest_route=%2Fwp%2Fv2%2Fcategories&post=28002"},{"taxonomy":"post_tag","embeddable":true,"href":"https:\/\/www.lodelmomentoloja.com\/index.php?rest_route=%2Fwp%2Fv2%2Ftags&post=28002"}],"curies":[{"name":"wp","href":"https:\/\/api.w.org\/{rel}","templated":true}]}}