{"id":27989,"date":"2025-09-25T08:00:04","date_gmt":"2025-09-25T08:00:04","guid":{"rendered":"https:\/\/www.lodelmomentoloja.com\/?p=27989"},"modified":"2025-09-25T15:05:07","modified_gmt":"2025-09-25T15:05:07","slug":"sujeto-acusado-de-vi0l4c1on-a-una-menor-de-edad-fue-detenido-en-catacocha","status":"publish","type":"post","link":"https:\/\/www.lodelmomentoloja.com\/?p=27989","title":{"rendered":"Sujeto acusado de vi0l4c1\u00f3n a una menor de edad, fue detenido en Catacocha."},"content":{"rendered":"<p>\ud83d\ude31\ud83d\udea8\ud83d\ude94\u00a1Fue aprehendido! Personal de Polic\u00eda Nacional, a trav\u00e9s de la Subzona Loja y en coordinaci\u00f3n con la Unidad Nacional de Investigaci\u00f3n de Trata de Personas y Tr\u00e1fico Il\u00edcito de Migrantes (UNAT), bajo la direcci\u00f3n de la Fiscal\u00eda General del Estado, logr\u00f3 la detenci\u00f3n de un ciudadano acvs4do de ser el presunto autor del d3lit0 de v10l4ci\u00f3n en contra de una menor de 13 a\u00f1os.<\/p>\n<p>El sospechoso, identificado como Marco O. D., ecuatoriano de 37 a\u00f1os, fue apr3h3ndido cuando se encontraba en las inmediaciones del parque central de la ciudad de Catacocha. Tras su captura, fue puesto a \u00f3rdenes de la autoridad competente, mientras avanzan las investigaciones y el proceso judicial correspondiente.<\/p>\n<p>\ud83c\udf10\u2705 S\u00edguenos en nuestra p\u00e1gina verificada: https:\/\/www.facebook.com\/lodelmomentolojaEC<\/p>\n<p>www.lodelmomentoloja.com<br \/>\n<a class=\"x1i10hfl xjbqb8w x1ejq31n x18oe1m7 x1sy0etr xstzfhl x972fbf x10w94by x1qhh985 x14e42zd x9f619 x1ypdohk xt0psk2 x3ct3a4 xdj266r x14z9mp xat24cr x1lziwak xexx8yu xyri2b x18d9i69 x1c1uobl x16tdsg8 x1hl2dhg xggy1nq x1a2a7pz  _aa9_ _a6hd\" tabindex=\"0\" role=\"link\" href=\"https:\/\/www.instagram.com\/explore\/tags\/ldmnoticias\/\">#LDMnoticias<\/a>\u00a0<a class=\"x1i10hfl xjbqb8w x1ejq31n x18oe1m7 x1sy0etr xstzfhl x972fbf x10w94by x1qhh985 x14e42zd x9f619 x1ypdohk xt0psk2 x3ct3a4 xdj266r x14z9mp xat24cr x1lziwak xexx8yu xyri2b x18d9i69 x1c1uobl x16tdsg8 x1hl2dhg xggy1nq x1a2a7pz  _aa9_ _a6hd\" tabindex=\"0\" role=\"link\" href=\"https:\/\/www.instagram.com\/explore\/tags\/lodelmomentolojaldm\/\">#lodelmomentolojaLDM<\/a><\/p>\n","protected":false},"excerpt":{"rendered":"<p>\ud83d\ude31\ud83d\udea8\ud83d\ude94\u00a1Fue aprehendido! Personal de Polic\u00eda Nacional, a trav\u00e9s de la Subzona Loja y en coordinaci\u00f3n&#8230;<\/p>\n","protected":false},"author":1,"featured_media":27990,"comment_status":"open","ping_status":"open","sticky":false,"template":"","format":"standard","meta":{"footnotes":""},"categories":[7,1,5],"tags":[],"class_list":["post-27989","post","type-post","status-publish","format-standard","has-post-thumbnail","hentry","category-ecuador","category-inicio","category-loja"],"_links":{"self":[{"href":"https:\/\/www.lodelmomentoloja.com\/index.php?rest_route=\/wp\/v2\/posts\/27989"}],"collection":[{"href":"https:\/\/www.lodelmomentoloja.com\/index.php?rest_route=\/wp\/v2\/posts"}],"about":[{"href":"https:\/\/www.lodelmomentoloja.com\/index.php?rest_route=\/wp\/v2\/types\/post"}],"author":[{"embeddable":true,"href":"https:\/\/www.lodelmomentoloja.com\/index.php?rest_route=\/wp\/v2\/users\/1"}],"replies":[{"embeddable":true,"href":"https:\/\/www.lodelmomentoloja.com\/index.php?rest_route=%2Fwp%2Fv2%2Fcomments&post=27989"}],"version-history":[{"count":1,"href":"https:\/\/www.lodelmomentoloja.com\/index.php?rest_route=\/wp\/v2\/posts\/27989\/revisions"}],"predecessor-version":[{"id":27991,"href":"https:\/\/www.lodelmomentoloja.com\/index.php?rest_route=\/wp\/v2\/posts\/27989\/revisions\/27991"}],"wp:featuredmedia":[{"embeddable":true,"href":"https:\/\/www.lodelmomentoloja.com\/index.php?rest_route=\/wp\/v2\/media\/27990"}],"wp:attachment":[{"href":"https:\/\/www.lodelmomentoloja.com\/index.php?rest_route=%2Fwp%2Fv2%2Fmedia&parent=27989"}],"wp:term":[{"taxonomy":"category","embeddable":true,"href":"https:\/\/www.lodelmomentoloja.com\/index.php?rest_route=%2Fwp%2Fv2%2Fcategories&post=27989"},{"taxonomy":"post_tag","embeddable":true,"href":"https:\/\/www.lodelmomentoloja.com\/index.php?rest_route=%2Fwp%2Fv2%2Ftags&post=27989"}],"curies":[{"name":"wp","href":"https:\/\/api.w.org\/{rel}","templated":true}]}}