{"id":27974,"date":"2025-09-24T11:26:22","date_gmt":"2025-09-24T11:26:22","guid":{"rendered":"https:\/\/www.lodelmomentoloja.com\/?p=27974"},"modified":"2025-09-24T16:31:36","modified_gmt":"2025-09-24T16:31:36","slug":"la-corte-constitucional-dio-luz-verde-para-una-asamblea-constituyente-propuesta-por-noboa","status":"publish","type":"post","link":"https:\/\/www.lodelmomentoloja.com\/?p=27974","title":{"rendered":"La Corte Constitucional dio luz verde para una Asamblea Constituyente propuesta por Noboa"},"content":{"rendered":"<p class=\"selectable-text copyable-text x15bjb6t x1n2onr6\"><span class=\"x19la9d6 x1fc57z9 x6ikm8r x10wlt62 x19co3pv x1g5zs5t xfibh0p xiy17q3 x1xsqp64 x1lkfr7t xexx8yu xyri2b x18d9i69 x1c1uobl\"><span class=\"xrtxmta x1bhl96m\"><img loading=\"lazy\" decoding=\"async\" class=\"wp-image-27976 aligncenter\" src=\"http:\/\/www.lodelmomentoloja.com\/wp-content\/uploads\/2025\/09\/IMAGEN-VIVI-1-300x169.jpg\" alt=\"\" width=\"1113\" height=\"627\" srcset=\"https:\/\/www.lodelmomentoloja.com\/wp-content\/uploads\/2025\/09\/IMAGEN-VIVI-1-300x169.jpg 300w, https:\/\/www.lodelmomentoloja.com\/wp-content\/uploads\/2025\/09\/IMAGEN-VIVI-1-1024x576.jpg 1024w, https:\/\/www.lodelmomentoloja.com\/wp-content\/uploads\/2025\/09\/IMAGEN-VIVI-1-768x432.jpg 768w, https:\/\/www.lodelmomentoloja.com\/wp-content\/uploads\/2025\/09\/IMAGEN-VIVI-1-640x360.jpg 640w, https:\/\/www.lodelmomentoloja.com\/wp-content\/uploads\/2025\/09\/IMAGEN-VIVI-1-1536x864.jpg 1536w, https:\/\/www.lodelmomentoloja.com\/wp-content\/uploads\/2025\/09\/IMAGEN-VIVI-1.jpg 1920w\" sizes=\"(max-width: 1113px) 100vw, 1113px\" \/><\/p>\n<p>\ud83d\udea8<\/span><\/span><span class=\"x19la9d6 x1fc57z9 x6ikm8r x10wlt62 x19co3pv x1g5zs5t xfibh0p xiy17q3 x1xsqp64 x1lkfr7t xexx8yu xyri2b x18d9i69 x1c1uobl\"><span class=\"xrtxmta x1bhl96m\">\ud83d\ude31<\/span><\/span><span class=\"x19la9d6 x1fc57z9 x6ikm8r x10wlt62 x19co3pv x1g5zs5t xfibh0p xiy17q3 x1xsqp64 x1lkfr7t xexx8yu xyri2b x18d9i69 x1c1uobl\"><span class=\"xrtxmta x1bhl96m\">\ud83d\uddf3\ufe0f<\/span><\/span><span class=\"selectable-text copyable-text xkrh14z\"> \u00a1Es un hecho! La Corte Constitucional dio paso para convocar una consulta popular que busca instalar una Asamblea Constituyente, aunque estableci\u00f3 condiciones que deben ser revisadas antes de que el proceso contin\u00fae. Pero la respuesta del Ejecutivo fue inmediata, Noboa emiti\u00f3 el Decreto Ejecutivo 155 en el que reform\u00f3 los aspectos observados. <\/span><\/p>\n<div style=\"width: 640px;\" class=\"wp-video\"><!--[if lt IE 9]><script>document.createElement('video');<\/script><![endif]-->\n<video class=\"wp-video-shortcode\" id=\"video-27974-1\" width=\"640\" height=\"360\" preload=\"metadata\" controls=\"controls\"><source type=\"video\/mp4\" src=\"http:\/\/www.lodelmomentoloja.com\/wp-content\/uploads\/2025\/09\/CC-APRUEBA-ASAMBLEA-CONSTITUYENTE-REDUCIDO.mp4?_=1\" \/><a href=\"http:\/\/www.lodelmomentoloja.com\/wp-content\/uploads\/2025\/09\/CC-APRUEBA-ASAMBLEA-CONSTITUYENTE-REDUCIDO.mp4\">http:\/\/www.lodelmomentoloja.com\/wp-content\/uploads\/2025\/09\/CC-APRUEBA-ASAMBLEA-CONSTITUYENTE-REDUCIDO.mp4<\/a><\/video><\/div>\n<p>En su dictamen emitido la noche del martes 23 de septiembre, el Pleno de la Corte resolvi\u00f3 que la pregunta planteada en la consulta cumple con los par\u00e1metros legales, pero identific\u00f3 deficiencias en 13 considerandos pidiendo la subsanaci\u00f3n del estatuto.<\/p>\n<p>El m\u00e1ximo tribunal dispuso que el Consejo Nacional Electoral (CNE) &#8220;\u00fanicamente contin\u00fae con el proceso despu\u00e9s de que la Presidencia de la Rep\u00fablica haya subsanado lo requerido, y esta Corte haya constatado y resuelto sobre dichos requerimientos.&#8221;<\/p>\n<p>Pero la respuesta del Ejecutivo fue inmediata, horas m\u00e1s tarde Noboa emiti\u00f3 el Decreto Ejecutivo 155 en el que reform\u00f3 los aspectos observados; en el decreto el mandatario elimin\u00f3 los 13 considerandos. Adem\u00e1s, reform\u00f3 el estatuto para elecci\u00f3n de asamble\u00edstas constituyentes estableciendo que ser\u00e1n 80 los asamble\u00edstas que integrar\u00e1n los esca\u00f1os, 24 nacionales, 50 provinciales y 6 por las circunscripciones del exterior, aplicando en m\u00e9todo D\u2019Hont para la adjudicaci\u00f3n de esca\u00f1os y, la votaci\u00f3n ser\u00eda en plancha.<\/p>\n<p>La Asamblea Constituyente ha sido un tema que ha mantenido al Ecuador a la expectativa, recordemos que el pasado viernes 19 de septiembre, el presidente convoc\u00f3 mediante decreto un refer\u00e9ndum para que los ecuatorianos se pronuncien sobre la instauraci\u00f3n de una Constituyente, sin antes obtener la validaci\u00f3n previa de la Corte Constitucional.<\/p>\n<p>Horas despu\u00e9s la decisi\u00f3n qued\u00f3 suspendida luego de que la Corte admitiera cinco demandas de inconstitucionalidad. Al d\u00eda siguiente, s\u00e1bado 20 de septiembre, el presidente derog\u00f3 el decreto suspendido y volvi\u00f3 a emitir otro sobre la convocatoria, llamando al CNE se declare el inicio del proceso electoral, sin embargo, el \u00f3rgano electoral remiti\u00f3 se abstuvo de pronunciarse hasta que la Corte dicte su sentencia.<\/p>\n<p>El domingo, la Corte acept\u00f3 admitir la evaluaci\u00f3n sobre la legalidad del refer\u00e9ndum para instalar una Asamblea Constituyente y, dos d\u00edas despu\u00e9s, la Corte emiti\u00f3 su dictamen, de momento, favorable para el Gobierno.<\/p>\n<p>Una vez que la Corte confirme la constitucionalidad de las reformas, ser\u00e1 el electorado quien defina en las urnas si otorga o no un mandato para redactar una nueva Constituci\u00f3n.<\/p>\n<p class=\"selectable-text copyable-text x15bjb6t x1n2onr6\"><span class=\"x19la9d6 x1fc57z9 x6ikm8r x10wlt62 x19co3pv x1g5zs5t xfibh0p xiy17q3 x1xsqp64 x1lkfr7t xexx8yu xyri2b x18d9i69 x1c1uobl\"><span class=\"xrtxmta x1bhl96m\"><\/p>\n<p>\ud83c\udf10<\/span><\/span><span class=\"x19la9d6 x1fc57z9 x6ikm8r x10wlt62 x19co3pv x1g5zs5t xfibh0p xiy17q3 x1xsqp64 x1lkfr7t xexx8yu xyri2b x18d9i69 x1c1uobl\"><span class=\"xrtxmta x1bhl96m\">\u2705<\/span><\/span><span class=\"selectable-text copyable-text xkrh14z\"> S\u00edguenos en nuestra p\u00e1gina verificada: <\/span><span class=\"selectable-text copyable-text xkrh14z\">https:\/\/www.facebook.com\/lodelmomentolojaEC<\/span><\/p>\n<p class=\"selectable-text copyable-text x15bjb6t x1n2onr6\"><span class=\"selectable-text copyable-text xkrh14z\">www.lodelmomentoloja.com<\/span><\/p>\n<p class=\"selectable-text copyable-text x15bjb6t x1n2onr6\"><span class=\"selectable-text copyable-text xkrh14z\">#LDMnoticias #lodelmomentolojaLDM<\/span><\/p>\n","protected":false},"excerpt":{"rendered":"<p>\ud83d\udea8\ud83d\ude31\ud83d\uddf3\ufe0f \u00a1Es un hecho! La Corte Constitucional dio paso para convocar una consulta popular que&#8230;<\/p>\n","protected":false},"author":1,"featured_media":0,"comment_status":"open","ping_status":"open","sticky":false,"template":"","format":"standard","meta":{"footnotes":""},"categories":[7,1],"tags":[],"class_list":["post-27974","post","type-post","status-publish","format-standard","hentry","category-ecuador","category-inicio"],"_links":{"self":[{"href":"https:\/\/www.lodelmomentoloja.com\/index.php?rest_route=\/wp\/v2\/posts\/27974"}],"collection":[{"href":"https:\/\/www.lodelmomentoloja.com\/index.php?rest_route=\/wp\/v2\/posts"}],"about":[{"href":"https:\/\/www.lodelmomentoloja.com\/index.php?rest_route=\/wp\/v2\/types\/post"}],"author":[{"embeddable":true,"href":"https:\/\/www.lodelmomentoloja.com\/index.php?rest_route=\/wp\/v2\/users\/1"}],"replies":[{"embeddable":true,"href":"https:\/\/www.lodelmomentoloja.com\/index.php?rest_route=%2Fwp%2Fv2%2Fcomments&post=27974"}],"version-history":[{"count":1,"href":"https:\/\/www.lodelmomentoloja.com\/index.php?rest_route=\/wp\/v2\/posts\/27974\/revisions"}],"predecessor-version":[{"id":27977,"href":"https:\/\/www.lodelmomentoloja.com\/index.php?rest_route=\/wp\/v2\/posts\/27974\/revisions\/27977"}],"wp:attachment":[{"href":"https:\/\/www.lodelmomentoloja.com\/index.php?rest_route=%2Fwp%2Fv2%2Fmedia&parent=27974"}],"wp:term":[{"taxonomy":"category","embeddable":true,"href":"https:\/\/www.lodelmomentoloja.com\/index.php?rest_route=%2Fwp%2Fv2%2Fcategories&post=27974"},{"taxonomy":"post_tag","embeddable":true,"href":"https:\/\/www.lodelmomentoloja.com\/index.php?rest_route=%2Fwp%2Fv2%2Ftags&post=27974"}],"curies":[{"name":"wp","href":"https:\/\/api.w.org\/{rel}","templated":true}]}}