{"id":27968,"date":"2025-09-24T09:26:23","date_gmt":"2025-09-24T09:26:23","guid":{"rendered":"https:\/\/www.lodelmomentoloja.com\/?p=27968"},"modified":"2025-09-24T15:29:35","modified_gmt":"2025-09-24T15:29:35","slug":"cinco-reos-enfrentan-procesos-penales-por-m4s4cr3-en-carcel-de-machala","status":"publish","type":"post","link":"https:\/\/www.lodelmomentoloja.com\/?p=27968","title":{"rendered":"CINCO REOS ENFRENTAN PROCESOS PENALES POR M4S4CR3 EN C\u00c1RCEL DE MACHALA"},"content":{"rendered":"<p>\ud83d\ude31\ud83d\udc65\ud83d\udea8\u00a1Tr\u00e1g1c0 suceso! Un total de cinco reos, involucrados en la m4s4cr3 en la c\u00e1rcel de Machala, que dej\u00f3 como saldo un gu\u00eda penitenciario y 15 ppl&#8217;s 4s3s1n4dos, ahora enfrentan un proceso penal por este m\u00faltiple cr1m3n. Se tratan de dos venezolanos, dos ecuatorianos y un colombiano quienes habr\u00edan sido los responsables del evento d3l1ct1vo al ser vistos con 4rm4s de fv3go y 4rm4s blancas, de acuerdo al testimonio de otros cuatro reclusos, que solicitaron ser testigos protegidos. Adem\u00e1s durante el mot\u00edn, 18 internos lograron huir, de los cuales 13 fueron recapturados y cinco siguen pr\u00f3fugos, seg\u00fan las autoridades policiales.<\/p>\n<p>\ud83c\udf10\u2705 S\u00edguenos en nuestra p\u00e1gina verificada: https:\/\/www.facebook.com\/lodelmomentolojaEC<\/p>\n<p>www.lodelmomentoloja.com<br \/>\n<a class=\"x1i10hfl xjbqb8w x1ejq31n x18oe1m7 x1sy0etr xstzfhl x972fbf x10w94by x1qhh985 x14e42zd x9f619 x1ypdohk xt0psk2 x3ct3a4 xdj266r x14z9mp xat24cr x1lziwak xexx8yu xyri2b x18d9i69 x1c1uobl x16tdsg8 x1hl2dhg xggy1nq x1a2a7pz  _aa9_ _a6hd\" tabindex=\"0\" role=\"link\" href=\"https:\/\/www.instagram.com\/explore\/tags\/ldmnoticias\/\">#LDMnoticias<\/a>\u00a0<a class=\"x1i10hfl xjbqb8w x1ejq31n x18oe1m7 x1sy0etr xstzfhl x972fbf x10w94by x1qhh985 x14e42zd x9f619 x1ypdohk xt0psk2 x3ct3a4 xdj266r x14z9mp xat24cr x1lziwak xexx8yu xyri2b x18d9i69 x1c1uobl x16tdsg8 x1hl2dhg xggy1nq x1a2a7pz  _aa9_ _a6hd\" tabindex=\"0\" role=\"link\" href=\"https:\/\/www.instagram.com\/explore\/tags\/lodelmomentolojaldm\/\">#lodelmomentolojaLDM<\/a><\/p>\n","protected":false},"excerpt":{"rendered":"<p>\ud83d\ude31\ud83d\udc65\ud83d\udea8\u00a1Tr\u00e1g1c0 suceso! Un total de cinco reos, involucrados en la m4s4cr3 en la c\u00e1rcel de&#8230;<\/p>\n","protected":false},"author":1,"featured_media":27969,"comment_status":"open","ping_status":"open","sticky":false,"template":"","format":"standard","meta":{"footnotes":""},"categories":[7,1],"tags":[],"class_list":["post-27968","post","type-post","status-publish","format-standard","has-post-thumbnail","hentry","category-ecuador","category-inicio"],"_links":{"self":[{"href":"https:\/\/www.lodelmomentoloja.com\/index.php?rest_route=\/wp\/v2\/posts\/27968"}],"collection":[{"href":"https:\/\/www.lodelmomentoloja.com\/index.php?rest_route=\/wp\/v2\/posts"}],"about":[{"href":"https:\/\/www.lodelmomentoloja.com\/index.php?rest_route=\/wp\/v2\/types\/post"}],"author":[{"embeddable":true,"href":"https:\/\/www.lodelmomentoloja.com\/index.php?rest_route=\/wp\/v2\/users\/1"}],"replies":[{"embeddable":true,"href":"https:\/\/www.lodelmomentoloja.com\/index.php?rest_route=%2Fwp%2Fv2%2Fcomments&post=27968"}],"version-history":[{"count":1,"href":"https:\/\/www.lodelmomentoloja.com\/index.php?rest_route=\/wp\/v2\/posts\/27968\/revisions"}],"predecessor-version":[{"id":27970,"href":"https:\/\/www.lodelmomentoloja.com\/index.php?rest_route=\/wp\/v2\/posts\/27968\/revisions\/27970"}],"wp:featuredmedia":[{"embeddable":true,"href":"https:\/\/www.lodelmomentoloja.com\/index.php?rest_route=\/wp\/v2\/media\/27969"}],"wp:attachment":[{"href":"https:\/\/www.lodelmomentoloja.com\/index.php?rest_route=%2Fwp%2Fv2%2Fmedia&parent=27968"}],"wp:term":[{"taxonomy":"category","embeddable":true,"href":"https:\/\/www.lodelmomentoloja.com\/index.php?rest_route=%2Fwp%2Fv2%2Fcategories&post=27968"},{"taxonomy":"post_tag","embeddable":true,"href":"https:\/\/www.lodelmomentoloja.com\/index.php?rest_route=%2Fwp%2Fv2%2Ftags&post=27968"}],"curies":[{"name":"wp","href":"https:\/\/api.w.org\/{rel}","templated":true}]}}