{"id":27956,"date":"2025-09-23T15:19:38","date_gmt":"2025-09-23T15:19:38","guid":{"rendered":"https:\/\/www.lodelmomentoloja.com\/?p=27956"},"modified":"2025-09-23T20:21:08","modified_gmt":"2025-09-23T20:21:08","slug":"confeniae-dice-estar-arrepentida-de-apoyar-al-presidente-noboa-y-se-suma-al-paro","status":"publish","type":"post","link":"https:\/\/www.lodelmomentoloja.com\/?p=27956","title":{"rendered":"Confeniae dice estar arrepentida de apoyar al Presidente Noboa y se suma al paro"},"content":{"rendered":"<p class=\"selectable-text copyable-text x15bjb6t x1n2onr6\"><span class=\"x19la9d6 x1fc57z9 x6ikm8r x10wlt62 x19co3pv x1g5zs5t xfibh0p xiy17q3 x1xsqp64 x1lkfr7t xexx8yu xyri2b x18d9i69 x1c1uobl\"><span class=\"xrtxmta x1bhl96m\"><img loading=\"lazy\" decoding=\"async\" class=\"wp-image-27958 aligncenter\" src=\"http:\/\/www.lodelmomentoloja.com\/wp-content\/uploads\/2025\/09\/nota-dos-300x169.jpg\" alt=\"\" width=\"1085\" height=\"611\" srcset=\"https:\/\/www.lodelmomentoloja.com\/wp-content\/uploads\/2025\/09\/nota-dos-300x169.jpg 300w, https:\/\/www.lodelmomentoloja.com\/wp-content\/uploads\/2025\/09\/nota-dos-1024x576.jpg 1024w, https:\/\/www.lodelmomentoloja.com\/wp-content\/uploads\/2025\/09\/nota-dos-768x432.jpg 768w, https:\/\/www.lodelmomentoloja.com\/wp-content\/uploads\/2025\/09\/nota-dos-640x360.jpg 640w, https:\/\/www.lodelmomentoloja.com\/wp-content\/uploads\/2025\/09\/nota-dos-1536x864.jpg 1536w, https:\/\/www.lodelmomentoloja.com\/wp-content\/uploads\/2025\/09\/nota-dos.jpg 1920w\" sizes=\"(max-width: 1085px) 100vw, 1085px\" \/><\/p>\n<p>\ud83c\uddea\ud83c\udde8<\/span><\/span><span class=\"x19la9d6 x1fc57z9 x6ikm8r x10wlt62 x19co3pv x1g5zs5t xfibh0p xiy17q3 x1xsqp64 x1lkfr7t xexx8yu xyri2b x18d9i69 x1c1uobl\"><span class=\"xrtxmta x1bhl96m\">\ud83d\udd25<\/span><\/span><span class=\"x19la9d6 x1fc57z9 x6ikm8r x10wlt62 x19co3pv x1g5zs5t xfibh0p xiy17q3 x1xsqp64 x1lkfr7t xexx8yu xyri2b x18d9i69 x1c1uobl\"><span class=\"xrtxmta x1bhl96m\">\ud83d\udce3<\/span><\/span><span class=\"selectable-text copyable-text xkrh14z\"> \u00a1Est\u00e1n arrepentidos! Representantes de las nacionalidades waorani, sapara, kichwa amaz\u00f3nica, entre otras, confirmaron su adhesi\u00f3n al paro. Jos\u00e9 Esach, presidente de la Confeniae dijeron estar arrepentidos de haber apoyado al presidente Noboa, por lo que, ahora tomar\u00e1n medidas.<\/span><\/p>\n<div style=\"width: 640px;\" class=\"wp-video\"><!--[if lt IE 9]><script>document.createElement('video');<\/script><![endif]-->\n<video class=\"wp-video-shortcode\" id=\"video-27956-1\" width=\"640\" height=\"360\" preload=\"metadata\" controls=\"controls\"><source type=\"video\/mp4\" src=\"http:\/\/www.lodelmomentoloja.com\/wp-content\/uploads\/2025\/09\/CONFENIAE-SE-SUMA-AL-PARO-REDUCIDO.mp4?_=1\" \/><a href=\"http:\/\/www.lodelmomentoloja.com\/wp-content\/uploads\/2025\/09\/CONFENIAE-SE-SUMA-AL-PARO-REDUCIDO.mp4\">http:\/\/www.lodelmomentoloja.com\/wp-content\/uploads\/2025\/09\/CONFENIAE-SE-SUMA-AL-PARO-REDUCIDO.mp4<\/a><\/video><\/div>\n<p>Sin embargo, d\u00edas despu\u00e9s, representantes de las nacionalidades waorani, sapara, kichwa amaz\u00f3nica, entre otras, confirmaron su adhesi\u00f3n al paro. Jos\u00e9 Esach, presidente de la Confeniae dijeron estar arrepentidos de haber apoyado al presidente Noboa.<\/p>\n<p>Los l\u00edderes ind\u00edgenas denunciaron la detenci\u00f3n arbitraria de m\u00e1s de 50 personas, lo que constituye en una v10l4c1\u00f3n de los derechos humanos, en particular de la integridad f\u00edsica y la protesta social. Marlon Vargas, presidente de la Conaie responsabiliz\u00f3 a la fuerza p\u00fablica y al primer mandatario por la integridad y seguridad de los detenidos en las manifestaciones.<\/p>\n<p>De igual manera, el Parlamento Pluricultural del Azuay, integrado por 16 organizaciones ind\u00edgenas, campesinas, sociales, gremiales y sindicales, anunci\u00f3 que desde este martes se plegar\u00e1n al paro nacional.<\/p>\n<p>El gremio se sumar\u00e1 a la medida bajo dos consignas: el rechazo a la concesi\u00f3n minera en Quimsacocha y en oposici\u00f3n a la eliminaci\u00f3n del subsidio al di\u00e9sel.<\/p>\n<p>Sin embargo, las marchas parecen no intimar al presidente Noboa quien dijo que retroceder\u00e1 en su decisi\u00f3n.<\/p>\n<p>El paro nacional, de momento, se concentra en provincias como Imbabura, Pichincha y Cotopaxi donde se han registrado enfrentamientos entre manifestantes y la fuerza p\u00fablica. Mientras que manifestantes del Seguro Social Campesino (FEUNASSC) cerraron la v\u00eda Babahoyo \u2013 Montalvo.<\/p>\n<p class=\"selectable-text copyable-text x15bjb6t x1n2onr6\"><span class=\"x19la9d6 x1fc57z9 x6ikm8r x10wlt62 x19co3pv x1g5zs5t xfibh0p xiy17q3 x1xsqp64 x1lkfr7t xexx8yu xyri2b x18d9i69 x1c1uobl\"><span class=\"xrtxmta x1bhl96m\">\ud83c\udf10<\/span><\/span><span class=\"x19la9d6 x1fc57z9 x6ikm8r x10wlt62 x19co3pv x1g5zs5t xfibh0p xiy17q3 x1xsqp64 x1lkfr7t xexx8yu xyri2b x18d9i69 x1c1uobl\"><span class=\"xrtxmta x1bhl96m\">\u2705<\/span><\/span><span class=\"selectable-text copyable-text xkrh14z\"> S\u00edguenos en nuestra p\u00e1gina verificada: <\/span><span class=\"selectable-text copyable-text xkrh14z\">https:\/\/www.facebook.com\/lodelmomentolojaEC<\/span><\/p>\n<p class=\"selectable-text copyable-text x15bjb6t x1n2onr6\"><span class=\"selectable-text copyable-text xkrh14z\">www.lodelmomentoloja.com<\/span><\/p>\n<p class=\"selectable-text copyable-text x15bjb6t x1n2onr6\"><span class=\"selectable-text copyable-text xkrh14z\">#LDMnoticias #lodelmomentolojaLDM<\/span><\/p>\n","protected":false},"excerpt":{"rendered":"<p>\ud83c\uddea\ud83c\udde8\ud83d\udd25\ud83d\udce3 \u00a1Est\u00e1n arrepentidos! Representantes de las nacionalidades waorani, sapara, kichwa amaz\u00f3nica, entre otras, confirmaron su&#8230;<\/p>\n","protected":false},"author":1,"featured_media":0,"comment_status":"open","ping_status":"open","sticky":false,"template":"","format":"standard","meta":{"footnotes":""},"categories":[7,1],"tags":[],"class_list":["post-27956","post","type-post","status-publish","format-standard","hentry","category-ecuador","category-inicio"],"_links":{"self":[{"href":"https:\/\/www.lodelmomentoloja.com\/index.php?rest_route=\/wp\/v2\/posts\/27956"}],"collection":[{"href":"https:\/\/www.lodelmomentoloja.com\/index.php?rest_route=\/wp\/v2\/posts"}],"about":[{"href":"https:\/\/www.lodelmomentoloja.com\/index.php?rest_route=\/wp\/v2\/types\/post"}],"author":[{"embeddable":true,"href":"https:\/\/www.lodelmomentoloja.com\/index.php?rest_route=\/wp\/v2\/users\/1"}],"replies":[{"embeddable":true,"href":"https:\/\/www.lodelmomentoloja.com\/index.php?rest_route=%2Fwp%2Fv2%2Fcomments&post=27956"}],"version-history":[{"count":1,"href":"https:\/\/www.lodelmomentoloja.com\/index.php?rest_route=\/wp\/v2\/posts\/27956\/revisions"}],"predecessor-version":[{"id":27959,"href":"https:\/\/www.lodelmomentoloja.com\/index.php?rest_route=\/wp\/v2\/posts\/27956\/revisions\/27959"}],"wp:attachment":[{"href":"https:\/\/www.lodelmomentoloja.com\/index.php?rest_route=%2Fwp%2Fv2%2Fmedia&parent=27956"}],"wp:term":[{"taxonomy":"category","embeddable":true,"href":"https:\/\/www.lodelmomentoloja.com\/index.php?rest_route=%2Fwp%2Fv2%2Fcategories&post=27956"},{"taxonomy":"post_tag","embeddable":true,"href":"https:\/\/www.lodelmomentoloja.com\/index.php?rest_route=%2Fwp%2Fv2%2Ftags&post=27956"}],"curies":[{"name":"wp","href":"https:\/\/api.w.org\/{rel}","templated":true}]}}