{"id":27947,"date":"2025-09-23T13:51:24","date_gmt":"2025-09-23T13:51:24","guid":{"rendered":"https:\/\/www.lodelmomentoloja.com\/?p=27947"},"modified":"2025-09-23T18:53:38","modified_gmt":"2025-09-23T18:53:38","slug":"siente-nacionalidades-indigena-de-la-amazonia-se-sumaran-al-paro-nacional","status":"publish","type":"post","link":"https:\/\/www.lodelmomentoloja.com\/?p=27947","title":{"rendered":"SIENTE NACIONALIDADES IND\u00cdGENA DE LA AMAZON\u00cdA SE SUMAR\u00c1N AL PARO NACIONAL"},"content":{"rendered":"<p>\ud83d\ude31\ud83d\udde3\ufe0f\ud83d\udc4a\ud83c\udffb\u00a1Paro nacional! Representantes de siete nacionalidades ind\u00edgenas de la Amazon\u00eda, anunciaron que se sumar\u00e1n a las movilizaciones. El pronunciamiento lo hicieron los representantes de las nacionalidades achuar, andoa, kichwa, s\u00e1para, shiwiar y waorani, junto con los de la Conaie y la Confenaie, este martes, 23 de septiembre.<\/p>\n<p>Quieren participar de manera pac\u00edfica en exigencia de la derogaci\u00f3n del decreto 126, que elimin\u00f3 el subsidio al di\u00e9sel; adem\u00e1s, piden respeto a los territorios donde est\u00e1n asentadas estas nacionalidades en el Yasun\u00ed, rechazan las actividades extractivas mineras en las zonas subandinas y del suboriente y solicitan di\u00e1logo con respuestas del Gobierno.<\/p>\n<p>\ud83c\udf10\u2705 S\u00edguenos en nuestra p\u00e1gina verificada: https:\/\/www.facebook.com\/lodelmomentolojaEC<\/p>\n<p>www.lodelmomentoloja.com<br \/>\n<a class=\"x1i10hfl xjbqb8w x1ejq31n x18oe1m7 x1sy0etr xstzfhl x972fbf x10w94by x1qhh985 x14e42zd x9f619 x1ypdohk xt0psk2 x3ct3a4 xdj266r x14z9mp xat24cr x1lziwak xexx8yu xyri2b x18d9i69 x1c1uobl x16tdsg8 x1hl2dhg xggy1nq x1a2a7pz  _aa9_ _a6hd\" tabindex=\"0\" role=\"link\" href=\"https:\/\/www.instagram.com\/explore\/tags\/ldmnoticias\/\">#LDMnoticias<\/a>\u00a0<a class=\"x1i10hfl xjbqb8w x1ejq31n x18oe1m7 x1sy0etr xstzfhl x972fbf x10w94by x1qhh985 x14e42zd x9f619 x1ypdohk xt0psk2 x3ct3a4 xdj266r x14z9mp xat24cr x1lziwak xexx8yu xyri2b x18d9i69 x1c1uobl x16tdsg8 x1hl2dhg xggy1nq x1a2a7pz  _aa9_ _a6hd\" tabindex=\"0\" role=\"link\" href=\"https:\/\/www.instagram.com\/explore\/tags\/lodelmomentolojaldm\/\">#lodelmomentolojaLDM<\/a><\/p>\n","protected":false},"excerpt":{"rendered":"<p>\ud83d\ude31\ud83d\udde3\ufe0f\ud83d\udc4a\ud83c\udffb\u00a1Paro nacional! Representantes de siete nacionalidades ind\u00edgenas de la Amazon\u00eda, anunciaron que se sumar\u00e1n a&#8230;<\/p>\n","protected":false},"author":1,"featured_media":27948,"comment_status":"open","ping_status":"open","sticky":false,"template":"","format":"standard","meta":{"footnotes":""},"categories":[7,1,5],"tags":[],"class_list":["post-27947","post","type-post","status-publish","format-standard","has-post-thumbnail","hentry","category-ecuador","category-inicio","category-loja"],"_links":{"self":[{"href":"https:\/\/www.lodelmomentoloja.com\/index.php?rest_route=\/wp\/v2\/posts\/27947"}],"collection":[{"href":"https:\/\/www.lodelmomentoloja.com\/index.php?rest_route=\/wp\/v2\/posts"}],"about":[{"href":"https:\/\/www.lodelmomentoloja.com\/index.php?rest_route=\/wp\/v2\/types\/post"}],"author":[{"embeddable":true,"href":"https:\/\/www.lodelmomentoloja.com\/index.php?rest_route=\/wp\/v2\/users\/1"}],"replies":[{"embeddable":true,"href":"https:\/\/www.lodelmomentoloja.com\/index.php?rest_route=%2Fwp%2Fv2%2Fcomments&post=27947"}],"version-history":[{"count":1,"href":"https:\/\/www.lodelmomentoloja.com\/index.php?rest_route=\/wp\/v2\/posts\/27947\/revisions"}],"predecessor-version":[{"id":27949,"href":"https:\/\/www.lodelmomentoloja.com\/index.php?rest_route=\/wp\/v2\/posts\/27947\/revisions\/27949"}],"wp:featuredmedia":[{"embeddable":true,"href":"https:\/\/www.lodelmomentoloja.com\/index.php?rest_route=\/wp\/v2\/media\/27948"}],"wp:attachment":[{"href":"https:\/\/www.lodelmomentoloja.com\/index.php?rest_route=%2Fwp%2Fv2%2Fmedia&parent=27947"}],"wp:term":[{"taxonomy":"category","embeddable":true,"href":"https:\/\/www.lodelmomentoloja.com\/index.php?rest_route=%2Fwp%2Fv2%2Fcategories&post=27947"},{"taxonomy":"post_tag","embeddable":true,"href":"https:\/\/www.lodelmomentoloja.com\/index.php?rest_route=%2Fwp%2Fv2%2Ftags&post=27947"}],"curies":[{"name":"wp","href":"https:\/\/api.w.org\/{rel}","templated":true}]}}