{"id":27943,"date":"2025-09-23T11:37:08","date_gmt":"2025-09-23T11:37:08","guid":{"rendered":"https:\/\/www.lodelmomentoloja.com\/?p=27943"},"modified":"2025-09-23T16:39:03","modified_gmt":"2025-09-23T16:39:03","slug":"manifestantes-se-tomaron-el-comando-policial-en-otavalo-en-el-primer-dia-de-protestas","status":"publish","type":"post","link":"https:\/\/www.lodelmomentoloja.com\/?p=27943","title":{"rendered":"Manifestantes se tomaron el comando policial en Otavalo en el primer d\u00eda de protestas"},"content":{"rendered":"<p class=\"selectable-text copyable-text x15bjb6t x1n2onr6\"><span class=\"x19la9d6 x1fc57z9 x6ikm8r x10wlt62 x19co3pv x1g5zs5t xfibh0p xiy17q3 x1xsqp64 x1lkfr7t xexx8yu xyri2b x18d9i69 x1c1uobl\"><span class=\"xrtxmta x1bhl96m\"><img loading=\"lazy\" decoding=\"async\" class=\"wp-image-27945 aligncenter\" src=\"http:\/\/www.lodelmomentoloja.com\/wp-content\/uploads\/2025\/09\/nota-video-1-1-300x169.jpg\" alt=\"\" width=\"1104\" height=\"622\" srcset=\"https:\/\/www.lodelmomentoloja.com\/wp-content\/uploads\/2025\/09\/nota-video-1-1-300x169.jpg 300w, https:\/\/www.lodelmomentoloja.com\/wp-content\/uploads\/2025\/09\/nota-video-1-1-1024x576.jpg 1024w, https:\/\/www.lodelmomentoloja.com\/wp-content\/uploads\/2025\/09\/nota-video-1-1-768x432.jpg 768w, https:\/\/www.lodelmomentoloja.com\/wp-content\/uploads\/2025\/09\/nota-video-1-1-640x360.jpg 640w, https:\/\/www.lodelmomentoloja.com\/wp-content\/uploads\/2025\/09\/nota-video-1-1-1536x864.jpg 1536w, https:\/\/www.lodelmomentoloja.com\/wp-content\/uploads\/2025\/09\/nota-video-1-1.jpg 1920w\" sizes=\"(max-width: 1104px) 100vw, 1104px\" \/><\/p>\n<p>\ud83d\udea8<\/span><\/span><span class=\"x19la9d6 x1fc57z9 x6ikm8r x10wlt62 x19co3pv x1g5zs5t xfibh0p xiy17q3 x1xsqp64 x1lkfr7t xexx8yu xyri2b x18d9i69 x1c1uobl\"><span class=\"xrtxmta x1bhl96m\">\ud83d\udd25<\/span><\/span><span class=\"x19la9d6 x1fc57z9 x6ikm8r x10wlt62 x19co3pv x1g5zs5t xfibh0p xiy17q3 x1xsqp64 x1lkfr7t xexx8yu xyri2b x18d9i69 x1c1uobl\"><span class=\"xrtxmta x1bhl96m\">\ud83d\udde3\ufe0f<\/span><\/span><span class=\"selectable-text copyable-text xkrh14z\"> \u00a1Subieron de tono! Dos polic\u00edas h3r1d0s y una veintena de civiles detenidos es el resultado que dej\u00f3 el primer d\u00eda de protestas en Otavalo, provincia de Imbabura. Esto, luego de que la Polic\u00eda Nacional confirmara que un grupo de ciudadanos 4t4c4r4n el Comando de la Polic\u00eda en el marco del paro nacional. Este es el escenario que vive el Ecuador en el segundo d\u00eda de manifestaciones.<\/span><\/p>\n<p class=\"selectable-text copyable-text x15bjb6t x1n2onr6\">\n<div style=\"width: 640px;\" class=\"wp-video\"><!--[if lt IE 9]><script>document.createElement('video');<\/script><![endif]-->\n<video class=\"wp-video-shortcode\" id=\"video-27943-1\" width=\"640\" height=\"360\" preload=\"metadata\" controls=\"controls\"><source type=\"video\/mp4\" src=\"http:\/\/www.lodelmomentoloja.com\/wp-content\/uploads\/2025\/09\/PROTESTAS-EN-OTAVALO-REDUCIDO.mp4?_=1\" \/><a href=\"http:\/\/www.lodelmomentoloja.com\/wp-content\/uploads\/2025\/09\/PROTESTAS-EN-OTAVALO-REDUCIDO.mp4\">http:\/\/www.lodelmomentoloja.com\/wp-content\/uploads\/2025\/09\/PROTESTAS-EN-OTAVALO-REDUCIDO.mp4<\/a><\/video><\/div>\n<p>En las im\u00e1genes difundidas en redes sociales se observa veh\u00edculos envueltos en llamas, mientras que puertas y ventanas del edificio quedaron d3str0z4d4s. El Cuerpo de Bomberos del cant\u00f3n se moviliz\u00f3 al lugar para controlar el 1nc3nd10.<\/p>\n<p>&#8220;En el lugar, se encontraban aproximadamente 1.000 manifestantes, quienes, con acciones terroristas, ocasionaron da\u00f1os a las instalaciones del Comando Policial, motocicletas, veh\u00edculos policiales y particulares, poniendo tambi\u00e9n en riesgo la integridad f\u00edsica de nuestros compa\u00f1eros&#8221;, inform\u00f3 la instituci\u00f3n en un comunicado.<\/p>\n<p>As\u00ed mismo, se conoce que un helic\u00f3ptero de la Polic\u00eda habr\u00eda sido 4t4c4d0 con juegos pirot\u00e9cnicos cuando intentaba aterrizar en Otavalo.<\/p>\n<p>Seg\u00fan informaci\u00f3n preliminar, los hechos consternaron a la poblaci\u00f3n cuando observaron a personas que llegaron cubiertos el rostro, portando escudos y con 4rm4s caseras, que iniciaron los disturbios en contra de los uniformados.<\/p>\n<p>El ministro del Interior, John Reimberg, en sus redes sociales que entre los detenidos habr\u00eda dos ciudadanos que ser\u00e1n sanciones por preusnto t3rr0r1sm0, pues los sospechosos tendr\u00edan relaciones con organizaciones cr1m1n4l3s extranjeras.<\/p>\n<p>Tras una jornada v1ol3nt4 que se vivi\u00f3 el primer d\u00eda de protesta en Ecuador, las movilizaciones contin\u00faan este martes 23 de septiembre, con v\u00edas cerradas en las provincias de Imbabura y Pichincha.<\/p>\n<p>En la ciudad de Guayaquil, la Uni\u00f3n Nacional de Educadores (UNE), el Frente Popular y otros sectores, desde las 06H00, manifestantes cerraron la AV. Narcisa de Jes\u00fas, aunque poco despu\u00e9s fue habilitada.<\/p>\n<p>En Latacunga, provincia de Cotopaxi se mantiene un fuerte resguardo policial y militar, debido a la presencia del presidente Daniel Noboa y su gabinete.<\/p>\n<p>Mientras que, en Imbabura se mantiene la expectativa tras los hechos v10l3nt0s ocurridos la tarde del lunes y, adem\u00e1s que se prev\u00e9 que m\u00e1s organizaciones sociales salgan a las calles en este segundo d\u00eda de protestas.<\/p>\n<p class=\"selectable-text copyable-text x15bjb6t x1n2onr6\"><span class=\"x19la9d6 x1fc57z9 x6ikm8r x10wlt62 x19co3pv x1g5zs5t xfibh0p xiy17q3 x1xsqp64 x1lkfr7t xexx8yu xyri2b x18d9i69 x1c1uobl\"><span class=\"xrtxmta x1bhl96m\">\ud83c\udf10<\/span><\/span><span class=\"x19la9d6 x1fc57z9 x6ikm8r x10wlt62 x19co3pv x1g5zs5t xfibh0p xiy17q3 x1xsqp64 x1lkfr7t xexx8yu xyri2b x18d9i69 x1c1uobl\"><span class=\"xrtxmta x1bhl96m\">\u2705<\/span><\/span><span class=\"selectable-text copyable-text xkrh14z\"> S\u00edguenos en nuestra p\u00e1gina verificada: <\/span><span class=\"selectable-text copyable-text xkrh14z\">https:\/\/www.facebook.com\/lodelmomentolojaEC<\/span><\/p>\n<p class=\"selectable-text copyable-text x15bjb6t x1n2onr6\"><span class=\"selectable-text copyable-text xkrh14z\">www.lodelmomentoloja.com<\/span><\/p>\n<p class=\"selectable-text copyable-text x15bjb6t x1n2onr6\"><span class=\"selectable-text copyable-text xkrh14z\">#LDMnoticias #lodelmomentolojaLDM<\/span><\/p>\n","protected":false},"excerpt":{"rendered":"<p>\ud83d\udea8\ud83d\udd25\ud83d\udde3\ufe0f \u00a1Subieron de tono! Dos polic\u00edas h3r1d0s y una veintena de civiles detenidos es el&#8230;<\/p>\n","protected":false},"author":1,"featured_media":0,"comment_status":"open","ping_status":"open","sticky":false,"template":"","format":"standard","meta":{"footnotes":""},"categories":[7,1],"tags":[],"class_list":["post-27943","post","type-post","status-publish","format-standard","hentry","category-ecuador","category-inicio"],"_links":{"self":[{"href":"https:\/\/www.lodelmomentoloja.com\/index.php?rest_route=\/wp\/v2\/posts\/27943"}],"collection":[{"href":"https:\/\/www.lodelmomentoloja.com\/index.php?rest_route=\/wp\/v2\/posts"}],"about":[{"href":"https:\/\/www.lodelmomentoloja.com\/index.php?rest_route=\/wp\/v2\/types\/post"}],"author":[{"embeddable":true,"href":"https:\/\/www.lodelmomentoloja.com\/index.php?rest_route=\/wp\/v2\/users\/1"}],"replies":[{"embeddable":true,"href":"https:\/\/www.lodelmomentoloja.com\/index.php?rest_route=%2Fwp%2Fv2%2Fcomments&post=27943"}],"version-history":[{"count":1,"href":"https:\/\/www.lodelmomentoloja.com\/index.php?rest_route=\/wp\/v2\/posts\/27943\/revisions"}],"predecessor-version":[{"id":27946,"href":"https:\/\/www.lodelmomentoloja.com\/index.php?rest_route=\/wp\/v2\/posts\/27943\/revisions\/27946"}],"wp:attachment":[{"href":"https:\/\/www.lodelmomentoloja.com\/index.php?rest_route=%2Fwp%2Fv2%2Fmedia&parent=27943"}],"wp:term":[{"taxonomy":"category","embeddable":true,"href":"https:\/\/www.lodelmomentoloja.com\/index.php?rest_route=%2Fwp%2Fv2%2Fcategories&post=27943"},{"taxonomy":"post_tag","embeddable":true,"href":"https:\/\/www.lodelmomentoloja.com\/index.php?rest_route=%2Fwp%2Fv2%2Ftags&post=27943"}],"curies":[{"name":"wp","href":"https:\/\/api.w.org\/{rel}","templated":true}]}}