{"id":27940,"date":"2025-09-23T11:35:00","date_gmt":"2025-09-23T11:35:00","guid":{"rendered":"https:\/\/www.lodelmomentoloja.com\/?p=27940"},"modified":"2025-09-23T16:35:55","modified_gmt":"2025-09-23T16:35:55","slug":"ppl-encontrado-sin-signos-vitales-en-carcel-de-loja","status":"publish","type":"post","link":"https:\/\/www.lodelmomentoloja.com\/?p=27940","title":{"rendered":"PPL ENCONTRADO SIN SIGNOS VITALES EN C\u00c1RCEL DE LOJA"},"content":{"rendered":"<p>\ud83d\ude31\ud83d\udea8\ud83e\udea2 \u00bfLo silenciaron? Durante horas de la madrugada de este 23 de septiembre, al realizarse llamados de rutina al interior del Centro de Rehabilitaci\u00f3n Social &#8211; C\u00e1rcel de Loja, un reo fue encontrado sin signos vitales al reo alias \u201cmortadela\u201d, de 24 a\u00f1os, oriundo de la provincia de El Oro. Seg\u00fan informaci\u00f3n preliminar, el cuerpo del ppl habr\u00eda sido hallado svsp3nd1d0 en su celda. Adem\u00e1s cumpl\u00eda prisi\u00f3n preventiva tras ser se\u00f1alado, por un 4t3nt4d0 contra un gu\u00eda penitenciario, el pasado 15 de septiembre en los exteriores de CRS-Loja.<\/p>\n<p>V\u00eda: Diario Cr\u00f3nica.<br \/>\n\ud83c\udf10\u2705 S\u00edguenos en nuestra p\u00e1gina verificada: https:\/\/www.facebook.com\/lodelmomentolojaEC<\/p>\n<p>www.lodelmomentoloja.com<br \/>\n<a class=\"x1i10hfl xjbqb8w x1ejq31n x18oe1m7 x1sy0etr xstzfhl x972fbf x10w94by x1qhh985 x14e42zd x9f619 x1ypdohk xt0psk2 x3ct3a4 xdj266r x14z9mp xat24cr x1lziwak xexx8yu xyri2b x18d9i69 x1c1uobl x16tdsg8 x1hl2dhg xggy1nq x1a2a7pz  _aa9_ _a6hd\" tabindex=\"0\" role=\"link\" href=\"https:\/\/www.instagram.com\/explore\/tags\/ldmnoticias\/\">#LDMnoticias<\/a>\u00a0<a class=\"x1i10hfl xjbqb8w x1ejq31n x18oe1m7 x1sy0etr xstzfhl x972fbf x10w94by x1qhh985 x14e42zd x9f619 x1ypdohk xt0psk2 x3ct3a4 xdj266r x14z9mp xat24cr x1lziwak xexx8yu xyri2b x18d9i69 x1c1uobl x16tdsg8 x1hl2dhg xggy1nq x1a2a7pz  _aa9_ _a6hd\" tabindex=\"0\" role=\"link\" href=\"https:\/\/www.instagram.com\/explore\/tags\/lodelmomentolojaldm\/\">#lodelmomentolojaLDM<\/a><\/p>\n","protected":false},"excerpt":{"rendered":"<p>\ud83d\ude31\ud83d\udea8\ud83e\udea2 \u00bfLo silenciaron? Durante horas de la madrugada de este 23 de septiembre, al realizarse&#8230;<\/p>\n","protected":false},"author":1,"featured_media":27941,"comment_status":"open","ping_status":"open","sticky":false,"template":"","format":"standard","meta":{"footnotes":""},"categories":[7,1,5],"tags":[],"class_list":["post-27940","post","type-post","status-publish","format-standard","has-post-thumbnail","hentry","category-ecuador","category-inicio","category-loja"],"_links":{"self":[{"href":"https:\/\/www.lodelmomentoloja.com\/index.php?rest_route=\/wp\/v2\/posts\/27940"}],"collection":[{"href":"https:\/\/www.lodelmomentoloja.com\/index.php?rest_route=\/wp\/v2\/posts"}],"about":[{"href":"https:\/\/www.lodelmomentoloja.com\/index.php?rest_route=\/wp\/v2\/types\/post"}],"author":[{"embeddable":true,"href":"https:\/\/www.lodelmomentoloja.com\/index.php?rest_route=\/wp\/v2\/users\/1"}],"replies":[{"embeddable":true,"href":"https:\/\/www.lodelmomentoloja.com\/index.php?rest_route=%2Fwp%2Fv2%2Fcomments&post=27940"}],"version-history":[{"count":1,"href":"https:\/\/www.lodelmomentoloja.com\/index.php?rest_route=\/wp\/v2\/posts\/27940\/revisions"}],"predecessor-version":[{"id":27942,"href":"https:\/\/www.lodelmomentoloja.com\/index.php?rest_route=\/wp\/v2\/posts\/27940\/revisions\/27942"}],"wp:featuredmedia":[{"embeddable":true,"href":"https:\/\/www.lodelmomentoloja.com\/index.php?rest_route=\/wp\/v2\/media\/27941"}],"wp:attachment":[{"href":"https:\/\/www.lodelmomentoloja.com\/index.php?rest_route=%2Fwp%2Fv2%2Fmedia&parent=27940"}],"wp:term":[{"taxonomy":"category","embeddable":true,"href":"https:\/\/www.lodelmomentoloja.com\/index.php?rest_route=%2Fwp%2Fv2%2Fcategories&post=27940"},{"taxonomy":"post_tag","embeddable":true,"href":"https:\/\/www.lodelmomentoloja.com\/index.php?rest_route=%2Fwp%2Fv2%2Ftags&post=27940"}],"curies":[{"name":"wp","href":"https:\/\/api.w.org\/{rel}","templated":true}]}}