{"id":27929,"date":"2025-09-22T18:01:50","date_gmt":"2025-09-22T18:01:50","guid":{"rendered":"https:\/\/www.lodelmomentoloja.com\/?p=27929"},"modified":"2025-09-22T23:02:17","modified_gmt":"2025-09-22T23:02:17","slug":"pese-a-los-ofrecimientos-de-la-prefectura-de-loja-la-via-urdaneta-cumbe-sigue-sin-culminarse","status":"publish","type":"post","link":"https:\/\/www.lodelmomentoloja.com\/?p=27929","title":{"rendered":"Pese a los ofrecimientos de la prefectura de Loja la v\u00eda Urdaneta &#8211; Cumbe sigue sin culminarse."},"content":{"rendered":"<p class=\"selectable-text copyable-text x15bjb6t x1n2onr6\"><span class=\"x19la9d6 x1fc57z9 x6ikm8r x10wlt62 x19co3pv x1g5zs5t xfibh0p xiy17q3 x1xsqp64 x1lkfr7t xexx8yu xyri2b x18d9i69 x1c1uobl\"><span class=\"xrtxmta x1bhl96m\"><img loading=\"lazy\" decoding=\"async\" class=\"wp-image-27931 aligncenter\" src=\"http:\/\/www.lodelmomentoloja.com\/wp-content\/uploads\/2025\/09\/VIVI-3-300x169.jpg\" alt=\"\" width=\"1078\" height=\"607\" srcset=\"https:\/\/www.lodelmomentoloja.com\/wp-content\/uploads\/2025\/09\/VIVI-3-300x169.jpg 300w, https:\/\/www.lodelmomentoloja.com\/wp-content\/uploads\/2025\/09\/VIVI-3-1024x576.jpg 1024w, https:\/\/www.lodelmomentoloja.com\/wp-content\/uploads\/2025\/09\/VIVI-3-768x432.jpg 768w, https:\/\/www.lodelmomentoloja.com\/wp-content\/uploads\/2025\/09\/VIVI-3-640x360.jpg 640w, https:\/\/www.lodelmomentoloja.com\/wp-content\/uploads\/2025\/09\/VIVI-3-1536x864.jpg 1536w, https:\/\/www.lodelmomentoloja.com\/wp-content\/uploads\/2025\/09\/VIVI-3.jpg 1920w\" sizes=\"(max-width: 1078px) 100vw, 1078px\" \/><\/span><\/span><\/p>\n<p>\ud83d\udea7<span class=\"x19la9d6 x1fc57z9 x6ikm8r x10wlt62 x19co3pv x1g5zs5t xfibh0p xiy17q3 x1xsqp64 x1lkfr7t xexx8yu xyri2b x18d9i69 x1c1uobl\"><span class=\"xrtxmta x1bhl96m\">\ud83d\udea8<\/span><\/span><span class=\"x19la9d6 x1fc57z9 x6ikm8r x10wlt62 x19co3pv x1g5zs5t xfibh0p xiy17q3 x1xsqp64 x1lkfr7t xexx8yu xyri2b x18d9i69 x1c1uobl\"><span class=\"xrtxmta x1bhl96m\">\ud83e\uddd0<\/span><\/span><span class=\"selectable-text copyable-text xkrh14z\"> \u00a1Todav\u00eda a la espera! La parroquia San Antonio de Cumbe del cant\u00f3n Saraguro se prepara para vivir una de las fiestas religiosas m\u00e1s importantes, pero, las deplorables condiciones en las que se encuentra la v\u00eda, le pasa factura a los moradores del sector. En diciembre de 2024, LDM expon\u00eda la falta de compromiso por parte del Gobierno Provincial para cumplir con este proyecto y, cerca de un a\u00f1o despu\u00e9s, la problem\u00e1tica sigue siendo latente.<\/span><\/p>\n<div style=\"width: 640px;\" class=\"wp-video\"><!--[if lt IE 9]><script>document.createElement('video');<\/script><![endif]-->\n<video class=\"wp-video-shortcode\" id=\"video-27929-1\" width=\"640\" height=\"360\" preload=\"metadata\" controls=\"controls\"><source type=\"video\/mp4\" src=\"http:\/\/www.lodelmomentoloja.com\/wp-content\/uploads\/2025\/09\/VIA-SAN-ANTONIO-DE-CUMBE-REDUCIDO.mp4?_=1\" \/><a href=\"http:\/\/www.lodelmomentoloja.com\/wp-content\/uploads\/2025\/09\/VIA-SAN-ANTONIO-DE-CUMBE-REDUCIDO.mp4\">http:\/\/www.lodelmomentoloja.com\/wp-content\/uploads\/2025\/09\/VIA-SAN-ANTONIO-DE-CUMBE-REDUCIDO.mp4<\/a><\/video><\/div>\n<p>Una obra que no se ha terminado de consolidar, pese al tiempo y las promesas, el tramo vial Urdaneta \u2013 San Antonio de Cumbe de 7km aproximadamente competencia de la Prefectura, es una obra contratada por el ex prefecto Rafael D\u00e1v1l4 en mayo de 2022, a puertas de un proceso electoral, como ya era costumbre en su administraci\u00f3n, pero que solo ha quedado en ofertas y nada m\u00e1s.<\/p>\n<p>En diciembre de 2024, LDM expon\u00eda la falta de compromiso por parte del Gobierno Provincial para cumplir con este proyecto, sobre todo durante un proceso electoral, dejando en evidencia las falsas promesas de las administraciones de turno, donde lo \u00fanico que exist\u00eda eran letreros que anunciaban la culminaci\u00f3n de la obra.<\/p>\n<p>Hoy, cerca de un a\u00f1o despu\u00e9s de haber expuesto el caso, este medio digital regres\u00f3 a San Antonio de Cumbe para conocer las acciones realizadas por la Prefectura a fin de dar soluci\u00f3n a esta problem\u00e1tica, no obstante, LDM pudo constatar que los \u00fanicos cambios visibles son los letreros con un dise\u00f1o m\u00e1s actualizado, aunque otros, se desplomaron por completo.<\/p>\n<p>Pese a que, en el mes de julio del a\u00f1o en curso, en una visita del prefecto Mario M4nc1n0 a la parroquia prometi\u00f3 que continuar\u00e1 con el asfaltado de la calzada y, dos meses despu\u00e9s, sus promesas parecen hab\u00e9rselas llevado el viento, porque solo hay el cambio de un letrero.<\/p>\n<p>Un proyecto que, al igual que otros, enfrenta litigios legales, adem\u00e1s que provoc\u00f3 da\u00f1os significativos en la parroquia puesto que los canales de riego se vieron afectados.<\/p>\n<p>Y los habitantes de San Antonio de Cumbe muestran su descontento por la escasa o nula gesti\u00f3n del Gobierno Provincial.<\/p>\n<p>Ante la falta de intervenci\u00f3n de la Prefectura, el GAD Municipal de Saraguro envi\u00f3 una motoniveladora que, en lo que posible, mejore las condiciones de la v\u00eda con el objetivo de que locales y turistas puedan disfrutar de las festividades religiosas, no obstante, muchos se cuestionan \u00bfSer\u00e1 que en lo que resta de la administraci\u00f3n de M4nc1n0 lograr\u00e1 culminar el asfaltado de la v\u00eda o quedar\u00e1 como un proyecto pendiente con los lojanos?<\/p>\n<p class=\"selectable-text copyable-text x15bjb6t x1n2onr6\"><span class=\"x19la9d6 x1fc57z9 x6ikm8r x10wlt62 x19co3pv x1g5zs5t xfibh0p xiy17q3 x1xsqp64 x1lkfr7t xexx8yu xyri2b x18d9i69 x1c1uobl\"><span class=\"xrtxmta x1bhl96m\">\ud83c\udf10<\/span><\/span><span class=\"x19la9d6 x1fc57z9 x6ikm8r x10wlt62 x19co3pv x1g5zs5t xfibh0p xiy17q3 x1xsqp64 x1lkfr7t xexx8yu xyri2b x18d9i69 x1c1uobl\"><span class=\"xrtxmta x1bhl96m\">\u2705<\/span><\/span><span class=\"selectable-text copyable-text xkrh14z\"> S\u00edguenos en nuestra p\u00e1gina verificada: <\/span><span class=\"selectable-text copyable-text xkrh14z\">https:\/\/www.facebook.com\/lodelmomentolojaEC<\/span><\/p>\n<p class=\"selectable-text copyable-text x15bjb6t x1n2onr6\"><span class=\"selectable-text copyable-text xkrh14z\">www.lodelmomentoloja.com<\/span><\/p>\n<p class=\"selectable-text copyable-text x15bjb6t x1n2onr6\"><span class=\"selectable-text copyable-text xkrh14z\">#LDMnoticias #lodelmomentolojaLDM<\/span><\/p>\n","protected":false},"excerpt":{"rendered":"<p>\ud83d\udea7\ud83d\udea8\ud83e\uddd0 \u00a1Todav\u00eda a la espera! La parroquia San Antonio de Cumbe del cant\u00f3n Saraguro se&#8230;<\/p>\n","protected":false},"author":1,"featured_media":0,"comment_status":"open","ping_status":"open","sticky":false,"template":"","format":"standard","meta":{"footnotes":""},"categories":[7,1,5],"tags":[],"class_list":["post-27929","post","type-post","status-publish","format-standard","hentry","category-ecuador","category-inicio","category-loja"],"_links":{"self":[{"href":"https:\/\/www.lodelmomentoloja.com\/index.php?rest_route=\/wp\/v2\/posts\/27929"}],"collection":[{"href":"https:\/\/www.lodelmomentoloja.com\/index.php?rest_route=\/wp\/v2\/posts"}],"about":[{"href":"https:\/\/www.lodelmomentoloja.com\/index.php?rest_route=\/wp\/v2\/types\/post"}],"author":[{"embeddable":true,"href":"https:\/\/www.lodelmomentoloja.com\/index.php?rest_route=\/wp\/v2\/users\/1"}],"replies":[{"embeddable":true,"href":"https:\/\/www.lodelmomentoloja.com\/index.php?rest_route=%2Fwp%2Fv2%2Fcomments&post=27929"}],"version-history":[{"count":2,"href":"https:\/\/www.lodelmomentoloja.com\/index.php?rest_route=\/wp\/v2\/posts\/27929\/revisions"}],"predecessor-version":[{"id":27933,"href":"https:\/\/www.lodelmomentoloja.com\/index.php?rest_route=\/wp\/v2\/posts\/27929\/revisions\/27933"}],"wp:attachment":[{"href":"https:\/\/www.lodelmomentoloja.com\/index.php?rest_route=%2Fwp%2Fv2%2Fmedia&parent=27929"}],"wp:term":[{"taxonomy":"category","embeddable":true,"href":"https:\/\/www.lodelmomentoloja.com\/index.php?rest_route=%2Fwp%2Fv2%2Fcategories&post=27929"},{"taxonomy":"post_tag","embeddable":true,"href":"https:\/\/www.lodelmomentoloja.com\/index.php?rest_route=%2Fwp%2Fv2%2Ftags&post=27929"}],"curies":[{"name":"wp","href":"https:\/\/api.w.org\/{rel}","templated":true}]}}