{"id":27925,"date":"2025-09-22T15:29:46","date_gmt":"2025-09-22T15:29:46","guid":{"rendered":"https:\/\/www.lodelmomentoloja.com\/?p=27925"},"modified":"2025-09-22T20:32:58","modified_gmt":"2025-09-22T20:32:58","slug":"en-loja-sectores-sociales-convocan-a-una-marcha-en-el-marco-del-paro-nacional","status":"publish","type":"post","link":"https:\/\/www.lodelmomentoloja.com\/?p=27925","title":{"rendered":"En Loja sectores sociales convocan a una marcha en el marco del Paro Nacional"},"content":{"rendered":"<p class=\"selectable-text copyable-text x15bjb6t x1n2onr6\"><span class=\"x19la9d6 x1fc57z9 x6ikm8r x10wlt62 x19co3pv x1g5zs5t xfibh0p xiy17q3 x1xsqp64 x1lkfr7t xexx8yu xyri2b x18d9i69 x1c1uobl\"><span class=\"xrtxmta x1bhl96m\"><img loading=\"lazy\" decoding=\"async\" class=\"wp-image-27927 aligncenter\" src=\"http:\/\/www.lodelmomentoloja.com\/wp-content\/uploads\/2025\/09\/VIDEO-2-VIV-300x169.jpg\" alt=\"\" width=\"1088\" height=\"613\" srcset=\"https:\/\/www.lodelmomentoloja.com\/wp-content\/uploads\/2025\/09\/VIDEO-2-VIV-300x169.jpg 300w, https:\/\/www.lodelmomentoloja.com\/wp-content\/uploads\/2025\/09\/VIDEO-2-VIV-1024x576.jpg 1024w, https:\/\/www.lodelmomentoloja.com\/wp-content\/uploads\/2025\/09\/VIDEO-2-VIV-768x432.jpg 768w, https:\/\/www.lodelmomentoloja.com\/wp-content\/uploads\/2025\/09\/VIDEO-2-VIV-640x360.jpg 640w, https:\/\/www.lodelmomentoloja.com\/wp-content\/uploads\/2025\/09\/VIDEO-2-VIV-1536x864.jpg 1536w, https:\/\/www.lodelmomentoloja.com\/wp-content\/uploads\/2025\/09\/VIDEO-2-VIV.jpg 1920w\" sizes=\"(max-width: 1088px) 100vw, 1088px\" \/><\/p>\n<p>\ud83d\udea8<\/span><\/span><span class=\"x19la9d6 x1fc57z9 x6ikm8r x10wlt62 x19co3pv x1g5zs5t xfibh0p xiy17q3 x1xsqp64 x1lkfr7t xexx8yu xyri2b x18d9i69 x1c1uobl\"><span class=\"xrtxmta x1bhl96m\">\ud83d\udde3\ufe0f<\/span><\/span><span class=\"x19la9d6 x1fc57z9 x6ikm8r x10wlt62 x19co3pv x1g5zs5t xfibh0p xiy17q3 x1xsqp64 x1lkfr7t xexx8yu xyri2b x18d9i69 x1c1uobl\"><span class=\"xrtxmta x1bhl96m\">\ud83d\udc49\ud83c\udffb<\/span><\/span><span class=\"selectable-text copyable-text xkrh14z\"> \u00a1Se preparan para el paro! En Loja, sectores sociales se preparan para las manifestaciones en el marco del paro nacional convocado por la Conaie, sin embargo, las opiniones est\u00e1n m\u00e1s que divididas, puesto que, parecen ser m\u00e1s las organizaciones que no participar\u00e1n \u00bfC\u00f3mo se prepara el cant\u00f3n para las movilizaciones? <\/span><\/p>\n<div style=\"width: 640px;\" class=\"wp-video\"><!--[if lt IE 9]><script>document.createElement('video');<\/script><![endif]-->\n<video class=\"wp-video-shortcode\" id=\"video-27925-1\" width=\"640\" height=\"360\" preload=\"metadata\" controls=\"controls\"><source type=\"video\/mp4\" src=\"http:\/\/www.lodelmomentoloja.com\/wp-content\/uploads\/2025\/09\/MARCHA-EN-LOJA-REDUCIDO.mp4?_=1\" \/><a href=\"http:\/\/www.lodelmomentoloja.com\/wp-content\/uploads\/2025\/09\/MARCHA-EN-LOJA-REDUCIDO.mp4\">http:\/\/www.lodelmomentoloja.com\/wp-content\/uploads\/2025\/09\/MARCHA-EN-LOJA-REDUCIDO.mp4<\/a><\/video><\/div>\n<p>En horas de la ma\u00f1ana de este lunes 22 de septiembre, mediante rueda de prensa, representantes de organizaciones como Frente Popular, Uni\u00f3n Nacional de Educadores, Frente Unitario de Trabajadores, entre otros convocaron a una marcha en la ciudad prevista para el martes 23 de septiembre.<\/p>\n<p>La raz\u00f3n de la marcha no solo responde al rechazo por la eliminaci\u00f3n del subsidio al di\u00e9sel, sino, adem\u00e1s, reclaman la falta de atenci\u00f3n en el cant\u00f3n a sectores que hoy en d\u00eda se encuentran en un estado cr\u00edtico como salud y la miner\u00eda ilegal, por lo que, hacen peticiones espec\u00edficas.<\/p>\n<p>Una convocatoria que, al parecer, no cuenta con el respaldo necesario, puesto que, asociaciones ganaderas, productores y sector del transporte emitieron comunicados expresando su respeto a la manifestaci\u00f3n, pero recalcando que no participar\u00e1n de las protestas, entre ellas, la ASOGAPAL, Asociaci\u00f3n de Ganaderos Milton Torres de Amaluza, Asociaci\u00f3n de Junta de Riego del cant\u00f3n Calvas, Compa\u00f1\u00eda de Transporte \u2018La Tingue Express\u2019, entre otros.<\/p>\n<p>A nivel nacional, la afluencia en el paro es escasa \u00bfCu\u00e1l ser\u00e1 el escenario que se vivir\u00e1 en Loja en los pr\u00f3ximos d\u00edas?<\/p>\n<p class=\"selectable-text copyable-text x15bjb6t x1n2onr6\"><span class=\"x19la9d6 x1fc57z9 x6ikm8r x10wlt62 x19co3pv x1g5zs5t xfibh0p xiy17q3 x1xsqp64 x1lkfr7t xexx8yu xyri2b x18d9i69 x1c1uobl\"><span class=\"xrtxmta x1bhl96m\">\ud83c\udf10<\/span><\/span><span class=\"x19la9d6 x1fc57z9 x6ikm8r x10wlt62 x19co3pv x1g5zs5t xfibh0p xiy17q3 x1xsqp64 x1lkfr7t xexx8yu xyri2b x18d9i69 x1c1uobl\"><span class=\"xrtxmta x1bhl96m\">\u2705<\/span><\/span><span class=\"selectable-text copyable-text xkrh14z\"> S\u00edguenos en nuestra p\u00e1gina verificada: <\/span><span class=\"selectable-text copyable-text xkrh14z\">https:\/\/www.facebook.com\/lodelmomentolojaEC<\/span><\/p>\n<p class=\"selectable-text copyable-text x15bjb6t x1n2onr6\"><span class=\"selectable-text copyable-text xkrh14z\">www.lodelmomentoloja.com<\/span><\/p>\n<p class=\"selectable-text copyable-text x15bjb6t x1n2onr6\"><span class=\"selectable-text copyable-text xkrh14z\">#LDMnoticias #lodelmomentolojaLDM<\/span><\/p>\n","protected":false},"excerpt":{"rendered":"<p>\ud83d\udea8\ud83d\udde3\ufe0f\ud83d\udc49\ud83c\udffb \u00a1Se preparan para el paro! En Loja, sectores sociales se preparan para las manifestaciones&#8230;<\/p>\n","protected":false},"author":1,"featured_media":0,"comment_status":"open","ping_status":"open","sticky":false,"template":"","format":"standard","meta":{"footnotes":""},"categories":[7,1,5],"tags":[],"class_list":["post-27925","post","type-post","status-publish","format-standard","hentry","category-ecuador","category-inicio","category-loja"],"_links":{"self":[{"href":"https:\/\/www.lodelmomentoloja.com\/index.php?rest_route=\/wp\/v2\/posts\/27925"}],"collection":[{"href":"https:\/\/www.lodelmomentoloja.com\/index.php?rest_route=\/wp\/v2\/posts"}],"about":[{"href":"https:\/\/www.lodelmomentoloja.com\/index.php?rest_route=\/wp\/v2\/types\/post"}],"author":[{"embeddable":true,"href":"https:\/\/www.lodelmomentoloja.com\/index.php?rest_route=\/wp\/v2\/users\/1"}],"replies":[{"embeddable":true,"href":"https:\/\/www.lodelmomentoloja.com\/index.php?rest_route=%2Fwp%2Fv2%2Fcomments&post=27925"}],"version-history":[{"count":1,"href":"https:\/\/www.lodelmomentoloja.com\/index.php?rest_route=\/wp\/v2\/posts\/27925\/revisions"}],"predecessor-version":[{"id":27928,"href":"https:\/\/www.lodelmomentoloja.com\/index.php?rest_route=\/wp\/v2\/posts\/27925\/revisions\/27928"}],"wp:attachment":[{"href":"https:\/\/www.lodelmomentoloja.com\/index.php?rest_route=%2Fwp%2Fv2%2Fmedia&parent=27925"}],"wp:term":[{"taxonomy":"category","embeddable":true,"href":"https:\/\/www.lodelmomentoloja.com\/index.php?rest_route=%2Fwp%2Fv2%2Fcategories&post=27925"},{"taxonomy":"post_tag","embeddable":true,"href":"https:\/\/www.lodelmomentoloja.com\/index.php?rest_route=%2Fwp%2Fv2%2Ftags&post=27925"}],"curies":[{"name":"wp","href":"https:\/\/api.w.org\/{rel}","templated":true}]}}