{"id":27921,"date":"2025-09-22T11:38:19","date_gmt":"2025-09-22T11:38:19","guid":{"rendered":"https:\/\/www.lodelmomentoloja.com\/?p=27921"},"modified":"2025-09-22T16:43:51","modified_gmt":"2025-09-22T16:43:51","slug":"en-varias-provincias-del-pais-inicias-las-marchas-pero-con-poca-afluencia-de-personas","status":"publish","type":"post","link":"https:\/\/www.lodelmomentoloja.com\/?p=27921","title":{"rendered":"En varias provincias del pa\u00eds inicias las marchas, pero con poca afluencia de personas."},"content":{"rendered":"<p><img loading=\"lazy\" decoding=\"async\" class=\"wp-image-27923 aligncenter\" src=\"http:\/\/www.lodelmomentoloja.com\/wp-content\/uploads\/2025\/09\/PAR-N-300x169.jpg\" alt=\"\" width=\"1078\" height=\"607\" srcset=\"https:\/\/www.lodelmomentoloja.com\/wp-content\/uploads\/2025\/09\/PAR-N-300x169.jpg 300w, https:\/\/www.lodelmomentoloja.com\/wp-content\/uploads\/2025\/09\/PAR-N-1024x576.jpg 1024w, https:\/\/www.lodelmomentoloja.com\/wp-content\/uploads\/2025\/09\/PAR-N-768x432.jpg 768w, https:\/\/www.lodelmomentoloja.com\/wp-content\/uploads\/2025\/09\/PAR-N-640x360.jpg 640w, https:\/\/www.lodelmomentoloja.com\/wp-content\/uploads\/2025\/09\/PAR-N-1536x864.jpg 1536w, https:\/\/www.lodelmomentoloja.com\/wp-content\/uploads\/2025\/09\/PAR-N.jpg 1920w\" sizes=\"(max-width: 1078px) 100vw, 1078px\" \/><\/p>\n<p>\ud83d\udea8\ud83c\uddea\ud83c\udde8\ud83d\udc49\ud83c\udffb \u00a1Con poca gente! Las protestas iniciaron la noche del domingo con peque\u00f1os cierres viales en provincias como Imbabura y Pichincha, sin embargo, no cuentan con gran presencia de personas; adem\u00e1s, que la Conaie, a trav\u00e9s de redes sociales, denuncia presuntas represiones v10l3nt4s en contra de las comunidades.<\/p>\n<div style=\"width: 640px;\" class=\"wp-video\"><!--[if lt IE 9]><script>document.createElement('video');<\/script><![endif]-->\n<video class=\"wp-video-shortcode\" id=\"video-27921-1\" width=\"640\" height=\"360\" preload=\"metadata\" controls=\"controls\"><source type=\"video\/mp4\" src=\"http:\/\/www.lodelmomentoloja.com\/wp-content\/uploads\/2025\/09\/MARCHAS-EN-ECUADOR-REDUCIDO-1.mp4?_=1\" \/><a href=\"http:\/\/www.lodelmomentoloja.com\/wp-content\/uploads\/2025\/09\/MARCHAS-EN-ECUADOR-REDUCIDO-1.mp4\">http:\/\/www.lodelmomentoloja.com\/wp-content\/uploads\/2025\/09\/MARCHAS-EN-ECUADOR-REDUCIDO-1.mp4<\/a><\/video><\/div>\n<p>Las protestas iniciaron la noche del domingo con peque\u00f1os cierres viales en provincias como Imbabura, cerrando el acceso Ibarra \u2013 Imbaya \u2013 Urcuqu\u00ed, a la altura de Coyaqui y; el Eje vial rural Otavalo \u2013 Quiroga, a la altura del puente del r\u00edo Blanco.<\/p>\n<p>En la provincia de Pichincha, el panorama era similar, el acceso en la v\u00eda Panamericana Norte fue bloqueada, en Cayambe: Bola de Guachal\u00e1, Santa Mar\u00eda del Mil\u00e1n, Ot\u00f3n y Otoncito, adem\u00e1s de un cierre en El Quiche, sector Igui\u00f1ario.<\/p>\n<p>Sin embargo, en varias provincias existe un gran despliegue policial y militar y, a trav\u00e9s de sus redes sociales, la Conaie denuncia represiones v10l3nt4s por los agentes de control en contra de las comunidades.<\/p>\n<p>En Imbabura se registran varios enfrentamientos, uno de ellos, en el sector Huaycopungo, cant\u00f3n Otavalo, los comuneros menciona que los uniformados hacen uso de gas lacrim\u00f3geno para reprimir las protestas.<\/p>\n<p>Mientras que, en Latacunga, provincia de Cotopaxi y sede temporal de la Funci\u00f3n Ejecutiva, desde tempranas horas de la ma\u00f1ana, la Gobernaci\u00f3n fue cercada con vallas met\u00e1licas y un fuerte contingente militar y policial que impiden el acceso a los veh\u00edculos.<\/p>\n<p>Hoy se prev\u00e9n dos marchas, una organizada en contra de la eliminaci\u00f3n del subsidio al di\u00e9sel y otra, convocada para respaldar al Gobierno.<\/p>\n<p>Pero tambi\u00e9n hay organizaciones que no se sumar\u00e1n al paro como el caso de Morona Santiago, los seis colectivos de Sucumb\u00edos tampoco participar\u00e1n, alegando que en, movilizaciones anteriores hubo p\u00e9rdidas humanas en sus comunidades; en la provincia de Los R\u00edos, los transportistas continuar\u00e1n con sus actividades por el momento.<\/p>\n<p>Hasta el cierre de esta nota informativa, las manifestaciones no registran mayor novedad y es que, hasta el momento, no cuentan con una gran afluencia de personas, sin embargo, no descartan que sectores sociales se sumen a las marchas con el paso de las horas.<\/p>\n<p>\ud83c\udf10\u2705 S\u00edguenos en nuestra p\u00e1gina verificada: https:\/\/www.facebook.com\/lodelmomentolojaEC<\/p>\n<p>www.lodelmomentoloja.com<br \/>\n#LDMnoticias #lodelmomentolojaLDM<\/p>\n","protected":false},"excerpt":{"rendered":"<p>\ud83d\udea8\ud83c\uddea\ud83c\udde8\ud83d\udc49\ud83c\udffb \u00a1Con poca gente! Las protestas iniciaron la noche del domingo con peque\u00f1os cierres viales&#8230;<\/p>\n","protected":false},"author":1,"featured_media":0,"comment_status":"open","ping_status":"open","sticky":false,"template":"","format":"standard","meta":{"footnotes":""},"categories":[7,1,5],"tags":[],"class_list":["post-27921","post","type-post","status-publish","format-standard","hentry","category-ecuador","category-inicio","category-loja"],"_links":{"self":[{"href":"https:\/\/www.lodelmomentoloja.com\/index.php?rest_route=\/wp\/v2\/posts\/27921"}],"collection":[{"href":"https:\/\/www.lodelmomentoloja.com\/index.php?rest_route=\/wp\/v2\/posts"}],"about":[{"href":"https:\/\/www.lodelmomentoloja.com\/index.php?rest_route=\/wp\/v2\/types\/post"}],"author":[{"embeddable":true,"href":"https:\/\/www.lodelmomentoloja.com\/index.php?rest_route=\/wp\/v2\/users\/1"}],"replies":[{"embeddable":true,"href":"https:\/\/www.lodelmomentoloja.com\/index.php?rest_route=%2Fwp%2Fv2%2Fcomments&post=27921"}],"version-history":[{"count":1,"href":"https:\/\/www.lodelmomentoloja.com\/index.php?rest_route=\/wp\/v2\/posts\/27921\/revisions"}],"predecessor-version":[{"id":27924,"href":"https:\/\/www.lodelmomentoloja.com\/index.php?rest_route=\/wp\/v2\/posts\/27921\/revisions\/27924"}],"wp:attachment":[{"href":"https:\/\/www.lodelmomentoloja.com\/index.php?rest_route=%2Fwp%2Fv2%2Fmedia&parent=27921"}],"wp:term":[{"taxonomy":"category","embeddable":true,"href":"https:\/\/www.lodelmomentoloja.com\/index.php?rest_route=%2Fwp%2Fv2%2Fcategories&post=27921"},{"taxonomy":"post_tag","embeddable":true,"href":"https:\/\/www.lodelmomentoloja.com\/index.php?rest_route=%2Fwp%2Fv2%2Ftags&post=27921"}],"curies":[{"name":"wp","href":"https:\/\/api.w.org\/{rel}","templated":true}]}}