{"id":27918,"date":"2025-09-22T11:30:49","date_gmt":"2025-09-22T11:30:49","guid":{"rendered":"https:\/\/www.lodelmomentoloja.com\/?p=27918"},"modified":"2025-09-22T16:32:26","modified_gmt":"2025-09-22T16:32:26","slug":"luisa-gonzalez-no-buscara-la-reeleccion-a-la-presidencia-de-la-rc","status":"publish","type":"post","link":"https:\/\/www.lodelmomentoloja.com\/?p=27918","title":{"rendered":"LUISA GONZ\u00c1LEZ NO BUSCAR\u00c1 LA REELECCI\u00d3N A LA PRESIDENCIA DE LA RC."},"content":{"rendered":"<p>\ud83d\udde3\ufe0f\ud83d\udeab\ud83e\ude75\u00a1No va m\u00e1s! En horas de la ma\u00f1ana de este 22 de septiembre, la excandidata presidencial del Revoluci\u00f3n Ciudadana, Luisa Gonz\u00e1lez, confirm\u00f3 en una entrevista para un medio nacional, que no buscar\u00e1 la reelecci\u00f3n a la presidencia del movimiento Revoluci\u00f3n Ciudadana\u00a0en su convenci\u00f3n nacional prevista para noviembre de 2025. Tras el hecho y lo curioso de ese anuncio fue la reacci\u00f3n de su coidearia y prefecta del Guayas, Marcela Agui\u00f1aga, quien reposte\u00f3 la noticia en la plataforma &#8216;X&#8217;, acompa\u00f1ada de emoticones de dos manos en oraci\u00f3n, en alusi\u00f3n al alivio que representar\u00eda esa decisi\u00f3n para el movimiento corre\u00edsta.<\/p>\n<p>\ud83c\udf10\u2705 S\u00edguenos en nuestra p\u00e1gina verificada: https:\/\/www.facebook.com\/lodelmomentolojaEC<\/p>\n<p>www.lodelmomentoloja.com<br \/>\n<a class=\"x1i10hfl xjbqb8w x1ejq31n x18oe1m7 x1sy0etr xstzfhl x972fbf x10w94by x1qhh985 x14e42zd x9f619 x1ypdohk xt0psk2 x3ct3a4 xdj266r x14z9mp xat24cr x1lziwak xexx8yu xyri2b x18d9i69 x1c1uobl x16tdsg8 x1hl2dhg xggy1nq x1a2a7pz  _aa9_ _a6hd\" tabindex=\"0\" role=\"link\" href=\"https:\/\/www.instagram.com\/explore\/tags\/ldmnoticias\/\">#LDMnoticias<\/a>\u00a0<a class=\"x1i10hfl xjbqb8w x1ejq31n x18oe1m7 x1sy0etr xstzfhl x972fbf x10w94by x1qhh985 x14e42zd x9f619 x1ypdohk xt0psk2 x3ct3a4 xdj266r x14z9mp xat24cr x1lziwak xexx8yu xyri2b x18d9i69 x1c1uobl x16tdsg8 x1hl2dhg xggy1nq x1a2a7pz  _aa9_ _a6hd\" tabindex=\"0\" role=\"link\" href=\"https:\/\/www.instagram.com\/explore\/tags\/lodelmomentolojaldm\/\">#lodelmomentolojaLDM<\/a><\/p>\n","protected":false},"excerpt":{"rendered":"<p>\ud83d\udde3\ufe0f\ud83d\udeab\ud83e\ude75\u00a1No va m\u00e1s! En horas de la ma\u00f1ana de este 22 de septiembre, la excandidata&#8230;<\/p>\n","protected":false},"author":1,"featured_media":27919,"comment_status":"open","ping_status":"open","sticky":false,"template":"","format":"standard","meta":{"footnotes":""},"categories":[7,1],"tags":[],"class_list":["post-27918","post","type-post","status-publish","format-standard","has-post-thumbnail","hentry","category-ecuador","category-inicio"],"_links":{"self":[{"href":"https:\/\/www.lodelmomentoloja.com\/index.php?rest_route=\/wp\/v2\/posts\/27918"}],"collection":[{"href":"https:\/\/www.lodelmomentoloja.com\/index.php?rest_route=\/wp\/v2\/posts"}],"about":[{"href":"https:\/\/www.lodelmomentoloja.com\/index.php?rest_route=\/wp\/v2\/types\/post"}],"author":[{"embeddable":true,"href":"https:\/\/www.lodelmomentoloja.com\/index.php?rest_route=\/wp\/v2\/users\/1"}],"replies":[{"embeddable":true,"href":"https:\/\/www.lodelmomentoloja.com\/index.php?rest_route=%2Fwp%2Fv2%2Fcomments&post=27918"}],"version-history":[{"count":1,"href":"https:\/\/www.lodelmomentoloja.com\/index.php?rest_route=\/wp\/v2\/posts\/27918\/revisions"}],"predecessor-version":[{"id":27920,"href":"https:\/\/www.lodelmomentoloja.com\/index.php?rest_route=\/wp\/v2\/posts\/27918\/revisions\/27920"}],"wp:featuredmedia":[{"embeddable":true,"href":"https:\/\/www.lodelmomentoloja.com\/index.php?rest_route=\/wp\/v2\/media\/27919"}],"wp:attachment":[{"href":"https:\/\/www.lodelmomentoloja.com\/index.php?rest_route=%2Fwp%2Fv2%2Fmedia&parent=27918"}],"wp:term":[{"taxonomy":"category","embeddable":true,"href":"https:\/\/www.lodelmomentoloja.com\/index.php?rest_route=%2Fwp%2Fv2%2Fcategories&post=27918"},{"taxonomy":"post_tag","embeddable":true,"href":"https:\/\/www.lodelmomentoloja.com\/index.php?rest_route=%2Fwp%2Fv2%2Ftags&post=27918"}],"curies":[{"name":"wp","href":"https:\/\/api.w.org\/{rel}","templated":true}]}}