{"id":27912,"date":"2025-09-22T09:50:15","date_gmt":"2025-09-22T09:50:15","guid":{"rendered":"https:\/\/www.lodelmomentoloja.com\/?p=27912"},"modified":"2025-09-22T14:51:33","modified_gmt":"2025-09-22T14:51:33","slug":"sondeo-sobre-el-paro-nacional","status":"publish","type":"post","link":"https:\/\/www.lodelmomentoloja.com\/?p=27912","title":{"rendered":"SONDEO SOBRE EL PARO NACIONAL"},"content":{"rendered":"<p>\ud83e\uddd0\ud83d\udcdd\ud83d\uddf3\ufe0f \u00a1Opinen Todos! Hoy comienza el Paro Nacional y varios son los criterios divididos; por un lado Marlon Vargas encabezando al CONAIE piden acci\u00f3n al Gobierno por estas medidas, en cambio desde el Gobierno con el Presidente Daniel Noboa, no ceder\u00e1 ante presiones y tom\u00f3 medidas de distribuci\u00f3n a ciertos sectores.<\/p>\n<p>En ese sentido, \u00bfEst\u00e1 de acuerdo o no con esta iniciativa?<br \/>\n\u2705 Si, estoy de acuerdo con el Paro.<br \/>\n\u274cNo, no estoy de acuerdo con el Paro.<\/p>\n<p>\ud83c\udf10\u2705 S\u00edguenos en nuestra p\u00e1gina verificada: https:\/\/www.facebook.com\/lodelmomentolojaEC<\/p>\n<p>www.lodelmomentoloja.com<br \/>\n#LDMnoticias #lodelmomentolojaLDM<\/p>\n","protected":false},"excerpt":{"rendered":"<p>\ud83e\uddd0\ud83d\udcdd\ud83d\uddf3\ufe0f \u00a1Opinen Todos! Hoy comienza el Paro Nacional y varios son los criterios divididos; por&#8230;<\/p>\n","protected":false},"author":1,"featured_media":27913,"comment_status":"open","ping_status":"open","sticky":false,"template":"","format":"standard","meta":{"footnotes":""},"categories":[7,1,5],"tags":[],"class_list":["post-27912","post","type-post","status-publish","format-standard","has-post-thumbnail","hentry","category-ecuador","category-inicio","category-loja"],"_links":{"self":[{"href":"https:\/\/www.lodelmomentoloja.com\/index.php?rest_route=\/wp\/v2\/posts\/27912"}],"collection":[{"href":"https:\/\/www.lodelmomentoloja.com\/index.php?rest_route=\/wp\/v2\/posts"}],"about":[{"href":"https:\/\/www.lodelmomentoloja.com\/index.php?rest_route=\/wp\/v2\/types\/post"}],"author":[{"embeddable":true,"href":"https:\/\/www.lodelmomentoloja.com\/index.php?rest_route=\/wp\/v2\/users\/1"}],"replies":[{"embeddable":true,"href":"https:\/\/www.lodelmomentoloja.com\/index.php?rest_route=%2Fwp%2Fv2%2Fcomments&post=27912"}],"version-history":[{"count":1,"href":"https:\/\/www.lodelmomentoloja.com\/index.php?rest_route=\/wp\/v2\/posts\/27912\/revisions"}],"predecessor-version":[{"id":27914,"href":"https:\/\/www.lodelmomentoloja.com\/index.php?rest_route=\/wp\/v2\/posts\/27912\/revisions\/27914"}],"wp:featuredmedia":[{"embeddable":true,"href":"https:\/\/www.lodelmomentoloja.com\/index.php?rest_route=\/wp\/v2\/media\/27913"}],"wp:attachment":[{"href":"https:\/\/www.lodelmomentoloja.com\/index.php?rest_route=%2Fwp%2Fv2%2Fmedia&parent=27912"}],"wp:term":[{"taxonomy":"category","embeddable":true,"href":"https:\/\/www.lodelmomentoloja.com\/index.php?rest_route=%2Fwp%2Fv2%2Fcategories&post=27912"},{"taxonomy":"post_tag","embeddable":true,"href":"https:\/\/www.lodelmomentoloja.com\/index.php?rest_route=%2Fwp%2Fv2%2Ftags&post=27912"}],"curies":[{"name":"wp","href":"https:\/\/api.w.org\/{rel}","templated":true}]}}