{"id":27909,"date":"2025-09-22T08:48:57","date_gmt":"2025-09-22T08:48:57","guid":{"rendered":"https:\/\/www.lodelmomentoloja.com\/?p=27909"},"modified":"2025-09-22T14:49:53","modified_gmt":"2025-09-22T14:49:53","slug":"m4s4cr3-carcelaria-en-machala","status":"publish","type":"post","link":"https:\/\/www.lodelmomentoloja.com\/?p=27909","title":{"rendered":"M4S4CR3 CARCELARIA EN MACHALA"},"content":{"rendered":"<p>\ud83d\ude31\ud83d\udea8\ud83d\ude94\u00a1De no creer! Durante horas de la madrugada de este lunes 22 de septiembre de 2025,\u00a0ocurri\u00f3 una nueva m4s4cr3 en la c\u00e1rcel de Machala, en la provincia de El Oro, en donde meses atr\u00e1s ocurri\u00f3 un t1r0t3o. Seg\u00fan el comandante de Polic\u00eda de dicha provincia, confirm\u00f3 que los hechos v10l3ntos dejaron\u00a0un total de 12 mv3rtos, 11 son presos y uno de ellos era un gu\u00eda penitenciario.<\/p>\n<p>El polic\u00eda tambi\u00e9n confirm\u00f3 que hubo una fuga de reos, 13 han sido recapturados en los alrededores de la c\u00e1rcel de Machala. &#8220;A\u00fan no tenemos un n\u00famero exacto de las personas que se han fugado&#8221;.<\/p>\n<p>\ud83c\udf10\u2705 S\u00edguenos en nuestra p\u00e1gina verificada: https:\/\/www.facebook.com\/lodelmomentolojaEC<\/p>\n<p>www.lodelmomentoloja.com<br \/>\n<a class=\"x1i10hfl xjbqb8w x1ejq31n x18oe1m7 x1sy0etr xstzfhl x972fbf x10w94by x1qhh985 x14e42zd x9f619 x1ypdohk xt0psk2 x3ct3a4 xdj266r x14z9mp xat24cr x1lziwak xexx8yu xyri2b x18d9i69 x1c1uobl x16tdsg8 x1hl2dhg xggy1nq x1a2a7pz  _aa9_ _a6hd\" tabindex=\"0\" role=\"link\" href=\"https:\/\/www.instagram.com\/explore\/tags\/ldmnoticias\/\">#LDMnoticias<\/a>\u00a0<a class=\"x1i10hfl xjbqb8w x1ejq31n x18oe1m7 x1sy0etr xstzfhl x972fbf x10w94by x1qhh985 x14e42zd x9f619 x1ypdohk xt0psk2 x3ct3a4 xdj266r x14z9mp xat24cr x1lziwak xexx8yu xyri2b x18d9i69 x1c1uobl x16tdsg8 x1hl2dhg xggy1nq x1a2a7pz  _aa9_ _a6hd\" tabindex=\"0\" role=\"link\" href=\"https:\/\/www.instagram.com\/explore\/tags\/lodelmomentolojaldm\/\">#lodelmomentolojaLDM<\/a><\/p>\n","protected":false},"excerpt":{"rendered":"<p>\ud83d\ude31\ud83d\udea8\ud83d\ude94\u00a1De no creer! Durante horas de la madrugada de este lunes 22 de septiembre de&#8230;<\/p>\n","protected":false},"author":1,"featured_media":27910,"comment_status":"open","ping_status":"open","sticky":false,"template":"","format":"standard","meta":{"footnotes":""},"categories":[7,1],"tags":[],"class_list":["post-27909","post","type-post","status-publish","format-standard","has-post-thumbnail","hentry","category-ecuador","category-inicio"],"_links":{"self":[{"href":"https:\/\/www.lodelmomentoloja.com\/index.php?rest_route=\/wp\/v2\/posts\/27909"}],"collection":[{"href":"https:\/\/www.lodelmomentoloja.com\/index.php?rest_route=\/wp\/v2\/posts"}],"about":[{"href":"https:\/\/www.lodelmomentoloja.com\/index.php?rest_route=\/wp\/v2\/types\/post"}],"author":[{"embeddable":true,"href":"https:\/\/www.lodelmomentoloja.com\/index.php?rest_route=\/wp\/v2\/users\/1"}],"replies":[{"embeddable":true,"href":"https:\/\/www.lodelmomentoloja.com\/index.php?rest_route=%2Fwp%2Fv2%2Fcomments&post=27909"}],"version-history":[{"count":1,"href":"https:\/\/www.lodelmomentoloja.com\/index.php?rest_route=\/wp\/v2\/posts\/27909\/revisions"}],"predecessor-version":[{"id":27911,"href":"https:\/\/www.lodelmomentoloja.com\/index.php?rest_route=\/wp\/v2\/posts\/27909\/revisions\/27911"}],"wp:featuredmedia":[{"embeddable":true,"href":"https:\/\/www.lodelmomentoloja.com\/index.php?rest_route=\/wp\/v2\/media\/27910"}],"wp:attachment":[{"href":"https:\/\/www.lodelmomentoloja.com\/index.php?rest_route=%2Fwp%2Fv2%2Fmedia&parent=27909"}],"wp:term":[{"taxonomy":"category","embeddable":true,"href":"https:\/\/www.lodelmomentoloja.com\/index.php?rest_route=%2Fwp%2Fv2%2Fcategories&post=27909"},{"taxonomy":"post_tag","embeddable":true,"href":"https:\/\/www.lodelmomentoloja.com\/index.php?rest_route=%2Fwp%2Fv2%2Ftags&post=27909"}],"curies":[{"name":"wp","href":"https:\/\/api.w.org\/{rel}","templated":true}]}}