{"id":27902,"date":"2025-09-19T15:53:48","date_gmt":"2025-09-19T15:53:48","guid":{"rendered":"https:\/\/www.lodelmomentoloja.com\/?p=27902"},"modified":"2025-09-19T20:56:19","modified_gmt":"2025-09-19T20:56:19","slug":"lideres-indigenas-piden-abastecerse-de-alimentos-antes-del-paro-nacional","status":"publish","type":"post","link":"https:\/\/www.lodelmomentoloja.com\/?p=27902","title":{"rendered":"L\u00edderes ind\u00edgenas piden abastecerse de alimentos antes del Paro Nacional"},"content":{"rendered":"<p class=\"selectable-text copyable-text x15bjb6t x1n2onr6\"><span class=\"x19la9d6 x1fc57z9 x6ikm8r x10wlt62 x19co3pv x1g5zs5t xfibh0p xiy17q3 x1xsqp64 x1lkfr7t xexx8yu xyri2b x18d9i69 x1c1uobl\"><span class=\"xrtxmta x1bhl96m\"><img loading=\"lazy\" decoding=\"async\" class=\"wp-image-27904 aligncenter\" src=\"http:\/\/www.lodelmomentoloja.com\/wp-content\/uploads\/2025\/09\/VIDEO-2-1-300x169.jpg\" alt=\"\" width=\"1083\" height=\"610\" srcset=\"https:\/\/www.lodelmomentoloja.com\/wp-content\/uploads\/2025\/09\/VIDEO-2-1-300x169.jpg 300w, https:\/\/www.lodelmomentoloja.com\/wp-content\/uploads\/2025\/09\/VIDEO-2-1-1024x576.jpg 1024w, https:\/\/www.lodelmomentoloja.com\/wp-content\/uploads\/2025\/09\/VIDEO-2-1-768x432.jpg 768w, https:\/\/www.lodelmomentoloja.com\/wp-content\/uploads\/2025\/09\/VIDEO-2-1-640x360.jpg 640w, https:\/\/www.lodelmomentoloja.com\/wp-content\/uploads\/2025\/09\/VIDEO-2-1-1536x864.jpg 1536w, https:\/\/www.lodelmomentoloja.com\/wp-content\/uploads\/2025\/09\/VIDEO-2-1.jpg 1920w\" sizes=\"(max-width: 1083px) 100vw, 1083px\" \/><\/p>\n<p>\ud83d\udeab<\/span><\/span><span class=\"x19la9d6 x1fc57z9 x6ikm8r x10wlt62 x19co3pv x1g5zs5t xfibh0p xiy17q3 x1xsqp64 x1lkfr7t xexx8yu xyri2b x18d9i69 x1c1uobl\"><span class=\"xrtxmta x1bhl96m\">\ud83d\udde3\ufe0f<\/span><\/span><span class=\"x19la9d6 x1fc57z9 x6ikm8r x10wlt62 x19co3pv x1g5zs5t xfibh0p xiy17q3 x1xsqp64 x1lkfr7t xexx8yu xyri2b x18d9i69 x1c1uobl\"><span class=\"xrtxmta x1bhl96m\">\ud83d\udc49\ud83c\udffb<\/span><\/span><span class=\"selectable-text copyable-text xkrh14z\"> \u00a1Todos atentos! El Movimiento Ind\u00edgena de Cotopaxi (MICC) pidi\u00f3 a la poblaci\u00f3n abastecerse de los productos de primera necesidad y otros elementos necesarios para los hogares hasta el domingo 21 de septiembre, para que \u201cno existan problemas de provisiones durante la jornada de resistencia avecina\u201d en el marco del paro nacional anunciado por la Conaie.<\/span><\/p>\n<div style=\"width: 640px;\" class=\"wp-video\"><!--[if lt IE 9]><script>document.createElement('video');<\/script><![endif]-->\n<video class=\"wp-video-shortcode\" id=\"video-27902-1\" width=\"640\" height=\"360\" preload=\"metadata\" controls=\"controls\"><source type=\"video\/mp4\" src=\"http:\/\/www.lodelmomentoloja.com\/wp-content\/uploads\/2025\/09\/ABASTECIMIENTO-DE-COMIDA-REDUCIDO.mp4?_=1\" \/><a href=\"http:\/\/www.lodelmomentoloja.com\/wp-content\/uploads\/2025\/09\/ABASTECIMIENTO-DE-COMIDA-REDUCIDO.mp4\">http:\/\/www.lodelmomentoloja.com\/wp-content\/uploads\/2025\/09\/ABASTECIMIENTO-DE-COMIDA-REDUCIDO.mp4<\/a><\/video><\/div>\n<p class=\"selectable-text copyable-text x15bjb6t x1n2onr6\"><span class=\"x19la9d6 x1fc57z9 x6ikm8r x10wlt62 x19co3pv x1g5zs5t xfibh0p xiy17q3 x1xsqp64 x1lkfr7t xexx8yu xyri2b x18d9i69 x1c1uobl\"><span class=\"xrtxmta x1bhl96m\">\u00a0<\/span><\/span><\/p>\n<p>Tras una reuni\u00f3n en Latacunga, provincia de Cotopaxi, el MICC resolvi\u00f3 doce puntos en rechazo a la eliminaci\u00f3n del subsidio al di\u00e9sel. Entre las resoluciones adoptadas est\u00e1 declarar el inicio de la movilizaci\u00f3n permanente y progresiva con organizaciones como Ecuarunari, Conaie, transportistas, comerciantes, ganaderos, artesanos, obreros y otros sectores sociales de Cotopaxi.<\/p>\n<p>Adem\u00e1s, el MICC declar\u00f3 como persona no grata a Daniel Noboa, el presidente traslad\u00f3, temporalmente, la sede de la Funci\u00f3n Ejecutiva a Latacunga el pasado 13 de septiembre.<\/p>\n<p>La Conaie convoc\u00f3 al paro nacional inmediato e indefinido en rechaz\u00f3 a la eliminaci\u00f3n del subsidio. Pero esta no es la primera vez que las organizaciones ind\u00edgenas salen a las calles a protestar por la medida.<\/p>\n<p>En octubre 2019, el expresidente Len\u00edn Moreno firm\u00f3 el Decreto Ejecutivo 883 para la eliminaci\u00f3n del subsidio a los combustibles, generando fuerte rechazo social, principalmente de la Conaie, gremio de transportistas y, otros sectores sociales que convocaron a movilizaciones y protestas que se extendieron durante 11 d\u00edas, p\u00e9rdidas de USD 821,68 millones aproximadamente, seg\u00fan el Banco Central del Ecuador.<\/p>\n<p>El Paro de junio 2022 tambi\u00e9n motivado por la misma causa, movilizaciones que duraron 18 d\u00edas y las p\u00e9rdidas fueron superiores a las de 2019, los da\u00f1os oscilaron los USD 1.115 millones, seg\u00fan el Banco Central, equivalente al 1% del Producto Interno Bruto (PIB) del pa\u00eds, una cifra similar al monto anual que se destinaba al subsidio.<\/p>\n<p>En este 2025, se prev\u00e9 que las protestas inicien la noche del domingo 21 de septiembre, mientras que, el presidente Noboa emiti\u00f3 el Decreto 146 extendiendo el estado de excepci\u00f3n a ocho provincias, incluyendo Chimborazo y, anunci\u00f3 el toque de queda de Imbabura, Chimborazo, Bol\u00edvar, Carchi, Cotopaxi que regir\u00e1 desde las 22H00 hasta las 05H00 todos los d\u00edas \u00bfCu\u00e1l ser\u00e1 el escenario que vivir\u00e1n los ecuatorianos en estas nuevas protestas?<\/p>\n<p class=\"selectable-text copyable-text x15bjb6t x1n2onr6\"><span class=\"x19la9d6 x1fc57z9 x6ikm8r x10wlt62 x19co3pv x1g5zs5t xfibh0p xiy17q3 x1xsqp64 x1lkfr7t xexx8yu xyri2b x18d9i69 x1c1uobl\"><span class=\"xrtxmta x1bhl96m\"><\/p>\n<p>\ud83c\udf10<\/span><\/span><span class=\"x19la9d6 x1fc57z9 x6ikm8r x10wlt62 x19co3pv x1g5zs5t xfibh0p xiy17q3 x1xsqp64 x1lkfr7t xexx8yu xyri2b x18d9i69 x1c1uobl\"><span class=\"xrtxmta x1bhl96m\">\u2705<\/span><\/span><span class=\"selectable-text copyable-text xkrh14z\"> S\u00edguenos en nuestra p\u00e1gina verificada: <\/span><span class=\"selectable-text copyable-text xkrh14z\">https:\/\/www.facebook.com\/lodelmomentolojaEC<\/span><\/p>\n<p class=\"selectable-text copyable-text x15bjb6t x1n2onr6\"><span class=\"selectable-text copyable-text xkrh14z\">www.lodelmomentoloja.com<\/span><\/p>\n<p class=\"selectable-text copyable-text x15bjb6t x1n2onr6\"><span class=\"selectable-text copyable-text xkrh14z\">#LDMnoticias #lodelmomentolojaLDM<\/span><\/p>\n","protected":false},"excerpt":{"rendered":"<p>\ud83d\udeab\ud83d\udde3\ufe0f\ud83d\udc49\ud83c\udffb \u00a1Todos atentos! El Movimiento Ind\u00edgena de Cotopaxi (MICC) pidi\u00f3 a la poblaci\u00f3n abastecerse de&#8230;<\/p>\n","protected":false},"author":1,"featured_media":0,"comment_status":"open","ping_status":"open","sticky":false,"template":"","format":"standard","meta":{"footnotes":""},"categories":[7,1,4,5],"tags":[],"class_list":["post-27902","post","type-post","status-publish","format-standard","hentry","category-ecuador","category-inicio","category-internacional","category-loja"],"_links":{"self":[{"href":"https:\/\/www.lodelmomentoloja.com\/index.php?rest_route=\/wp\/v2\/posts\/27902"}],"collection":[{"href":"https:\/\/www.lodelmomentoloja.com\/index.php?rest_route=\/wp\/v2\/posts"}],"about":[{"href":"https:\/\/www.lodelmomentoloja.com\/index.php?rest_route=\/wp\/v2\/types\/post"}],"author":[{"embeddable":true,"href":"https:\/\/www.lodelmomentoloja.com\/index.php?rest_route=\/wp\/v2\/users\/1"}],"replies":[{"embeddable":true,"href":"https:\/\/www.lodelmomentoloja.com\/index.php?rest_route=%2Fwp%2Fv2%2Fcomments&post=27902"}],"version-history":[{"count":1,"href":"https:\/\/www.lodelmomentoloja.com\/index.php?rest_route=\/wp\/v2\/posts\/27902\/revisions"}],"predecessor-version":[{"id":27905,"href":"https:\/\/www.lodelmomentoloja.com\/index.php?rest_route=\/wp\/v2\/posts\/27902\/revisions\/27905"}],"wp:attachment":[{"href":"https:\/\/www.lodelmomentoloja.com\/index.php?rest_route=%2Fwp%2Fv2%2Fmedia&parent=27902"}],"wp:term":[{"taxonomy":"category","embeddable":true,"href":"https:\/\/www.lodelmomentoloja.com\/index.php?rest_route=%2Fwp%2Fv2%2Fcategories&post=27902"},{"taxonomy":"post_tag","embeddable":true,"href":"https:\/\/www.lodelmomentoloja.com\/index.php?rest_route=%2Fwp%2Fv2%2Ftags&post=27902"}],"curies":[{"name":"wp","href":"https:\/\/api.w.org\/{rel}","templated":true}]}}