{"id":27899,"date":"2025-09-19T12:31:02","date_gmt":"2025-09-19T12:31:02","guid":{"rendered":"https:\/\/www.lodelmomentoloja.com\/?p=27899"},"modified":"2025-09-19T17:52:55","modified_gmt":"2025-09-19T17:52:55","slug":"noboa-convoco-a-referendum-y-dispones-al-cne-continuar-con-el-proceso-para-consulta-popular","status":"publish","type":"post","link":"https:\/\/www.lodelmomentoloja.com\/?p=27899","title":{"rendered":"NOBOA CONVOC\u00d3 A REFER\u00c9NDUM, Y DISPONES AL CNE CONTINUAR CON EL PROCESO PARA CONSULTA POPULAR"},"content":{"rendered":"<p>\ud83d\udcc4\u2712\ufe0f\ud83d\uddf3\ufe0f\u00a1Por decreto! El presidente de Ecuador, Daniel Noboa, mediante Decreto Ejecutivo 147, convoc\u00f3 este viernes un refer\u00e9ndum para preguntar a los ecuatorianos si est\u00e1n de acuerdo o no en eliminar la prohibici\u00f3n de establecer bases militares extranjeras, como la que Estados Unidos tuvo en la ciudad de Manta hasta 2009. En el escrito dispone al Consejo Nacional Electoral (CNE) que contin\u00fae con el proceso previsto en la Constituci\u00f3n y la ley electoral para llevar a los ciudadanos a las urnas.<\/p>\n<p>\ud83c\udf10\u2705 S\u00edguenos en nuestra p\u00e1gina verificada: https:\/\/www.facebook.com\/lodelmomentolojaEC<\/p>\n<p>www.lodelmomentoloja.com<br \/>\n<a class=\"x1i10hfl xjbqb8w x1ejq31n x18oe1m7 x1sy0etr xstzfhl x972fbf x10w94by x1qhh985 x14e42zd x9f619 x1ypdohk xt0psk2 x3ct3a4 xdj266r x14z9mp xat24cr x1lziwak xexx8yu xyri2b x18d9i69 x1c1uobl x16tdsg8 x1hl2dhg xggy1nq x1a2a7pz  _aa9_ _a6hd\" tabindex=\"0\" role=\"link\" href=\"https:\/\/www.instagram.com\/explore\/tags\/ldmnoticias\/\">#LDMnoticias<\/a>\u00a0<a class=\"x1i10hfl xjbqb8w x1ejq31n x18oe1m7 x1sy0etr xstzfhl x972fbf x10w94by x1qhh985 x14e42zd x9f619 x1ypdohk xt0psk2 x3ct3a4 xdj266r x14z9mp xat24cr x1lziwak xexx8yu xyri2b x18d9i69 x1c1uobl x16tdsg8 x1hl2dhg xggy1nq x1a2a7pz  _aa9_ _a6hd\" tabindex=\"0\" role=\"link\" href=\"https:\/\/www.instagram.com\/explore\/tags\/lodelmomentolojaldm\/\">#lodelmomentolojaLDM<\/a><\/p>\n","protected":false},"excerpt":{"rendered":"<p>\ud83d\udcc4\u2712\ufe0f\ud83d\uddf3\ufe0f\u00a1Por decreto! El presidente de Ecuador, Daniel Noboa, mediante Decreto Ejecutivo 147, convoc\u00f3 este viernes&#8230;<\/p>\n","protected":false},"author":1,"featured_media":27900,"comment_status":"open","ping_status":"open","sticky":false,"template":"","format":"standard","meta":{"footnotes":""},"categories":[7,1],"tags":[],"class_list":["post-27899","post","type-post","status-publish","format-standard","has-post-thumbnail","hentry","category-ecuador","category-inicio"],"_links":{"self":[{"href":"https:\/\/www.lodelmomentoloja.com\/index.php?rest_route=\/wp\/v2\/posts\/27899"}],"collection":[{"href":"https:\/\/www.lodelmomentoloja.com\/index.php?rest_route=\/wp\/v2\/posts"}],"about":[{"href":"https:\/\/www.lodelmomentoloja.com\/index.php?rest_route=\/wp\/v2\/types\/post"}],"author":[{"embeddable":true,"href":"https:\/\/www.lodelmomentoloja.com\/index.php?rest_route=\/wp\/v2\/users\/1"}],"replies":[{"embeddable":true,"href":"https:\/\/www.lodelmomentoloja.com\/index.php?rest_route=%2Fwp%2Fv2%2Fcomments&post=27899"}],"version-history":[{"count":1,"href":"https:\/\/www.lodelmomentoloja.com\/index.php?rest_route=\/wp\/v2\/posts\/27899\/revisions"}],"predecessor-version":[{"id":27901,"href":"https:\/\/www.lodelmomentoloja.com\/index.php?rest_route=\/wp\/v2\/posts\/27899\/revisions\/27901"}],"wp:featuredmedia":[{"embeddable":true,"href":"https:\/\/www.lodelmomentoloja.com\/index.php?rest_route=\/wp\/v2\/media\/27900"}],"wp:attachment":[{"href":"https:\/\/www.lodelmomentoloja.com\/index.php?rest_route=%2Fwp%2Fv2%2Fmedia&parent=27899"}],"wp:term":[{"taxonomy":"category","embeddable":true,"href":"https:\/\/www.lodelmomentoloja.com\/index.php?rest_route=%2Fwp%2Fv2%2Fcategories&post=27899"},{"taxonomy":"post_tag","embeddable":true,"href":"https:\/\/www.lodelmomentoloja.com\/index.php?rest_route=%2Fwp%2Fv2%2Ftags&post=27899"}],"curies":[{"name":"wp","href":"https:\/\/api.w.org\/{rel}","templated":true}]}}