{"id":27889,"date":"2025-09-19T09:20:43","date_gmt":"2025-09-19T09:20:43","guid":{"rendered":"https:\/\/www.lodelmomentoloja.com\/?p=27889"},"modified":"2025-09-19T14:54:52","modified_gmt":"2025-09-19T14:54:52","slug":"prefectura-de-el-oro-presenta-un-mega-concierto-gratuito-el-oro-fest","status":"publish","type":"post","link":"https:\/\/www.lodelmomentoloja.com\/?p=27889","title":{"rendered":"PREFECTURA DE EL ORO PRESENTA UN MEGA CONCIERTO GRATUITO &#8216;EL ORO FEST&#8217;"},"content":{"rendered":"<p>\ud83c\udfdf\ufe0f\ud83e\ude97\ud83d\udc68\ud83c\udffb\u200d\ud83c\udfa4\u00a1Concierto gratuito! La Prefectura de la provincia de El Oro, anunci\u00f3 un mega concierto gratuito en el evento denominado El Oro Fest, con los mejores exponentes, desde \ud83c\udde8\ud83c\uddf4 Hebert Vargas (con el sentimiento vallenato), desde \ud83c\udde6\ud83c\uddf7 Noel Schajris (lo mejor de la Balada, Pop), \ud83c\udde8\ud83c\uddf4 Alberto Barrios (para bailar y gozar con Salsa &amp; Cumbia) y por \ud83c\uddea\ud83c\udde8 Waldokinc el Troyano (El artista urbano m\u00e1s aclamado). Mismo que se llevar\u00e1 a cabo este s\u00e1bado 20 de septiembre del 2025, en la explanada frente al IESS.<\/p>\n<p>\ud83c\udf10\u2705 S\u00edguenos en nuestra p\u00e1gina verificada: https:\/\/www.facebook.com\/lodelmomentolojaEC<\/p>\n<p>www.lodelmomentoloja.com<br \/>\n<a class=\"x1i10hfl xjbqb8w x1ejq31n x18oe1m7 x1sy0etr xstzfhl x972fbf x10w94by x1qhh985 x14e42zd x9f619 x1ypdohk xt0psk2 x3ct3a4 xdj266r x14z9mp xat24cr x1lziwak xexx8yu xyri2b x18d9i69 x1c1uobl x16tdsg8 x1hl2dhg xggy1nq x1a2a7pz  _aa9_ _a6hd\" tabindex=\"0\" role=\"link\" href=\"https:\/\/www.instagram.com\/explore\/tags\/ldmnoticias\/\">#LDMnoticias<\/a>\u00a0<a class=\"x1i10hfl xjbqb8w x1ejq31n x18oe1m7 x1sy0etr xstzfhl x972fbf x10w94by x1qhh985 x14e42zd x9f619 x1ypdohk xt0psk2 x3ct3a4 xdj266r x14z9mp xat24cr x1lziwak xexx8yu xyri2b x18d9i69 x1c1uobl x16tdsg8 x1hl2dhg xggy1nq x1a2a7pz  _aa9_ _a6hd\" tabindex=\"0\" role=\"link\" href=\"https:\/\/www.instagram.com\/explore\/tags\/lodelmomentolojaldm\/\">#lodelmomentolojaLDM<\/a><\/p>\n","protected":false},"excerpt":{"rendered":"<p>\ud83c\udfdf\ufe0f\ud83e\ude97\ud83d\udc68\ud83c\udffb\u200d\ud83c\udfa4\u00a1Concierto gratuito! La Prefectura de la provincia de El Oro, anunci\u00f3 un mega concierto gratuito&#8230;<\/p>\n","protected":false},"author":1,"featured_media":27890,"comment_status":"open","ping_status":"open","sticky":false,"template":"","format":"standard","meta":{"footnotes":""},"categories":[7,1,5],"tags":[],"class_list":["post-27889","post","type-post","status-publish","format-standard","has-post-thumbnail","hentry","category-ecuador","category-inicio","category-loja"],"_links":{"self":[{"href":"https:\/\/www.lodelmomentoloja.com\/index.php?rest_route=\/wp\/v2\/posts\/27889"}],"collection":[{"href":"https:\/\/www.lodelmomentoloja.com\/index.php?rest_route=\/wp\/v2\/posts"}],"about":[{"href":"https:\/\/www.lodelmomentoloja.com\/index.php?rest_route=\/wp\/v2\/types\/post"}],"author":[{"embeddable":true,"href":"https:\/\/www.lodelmomentoloja.com\/index.php?rest_route=\/wp\/v2\/users\/1"}],"replies":[{"embeddable":true,"href":"https:\/\/www.lodelmomentoloja.com\/index.php?rest_route=%2Fwp%2Fv2%2Fcomments&post=27889"}],"version-history":[{"count":1,"href":"https:\/\/www.lodelmomentoloja.com\/index.php?rest_route=\/wp\/v2\/posts\/27889\/revisions"}],"predecessor-version":[{"id":27891,"href":"https:\/\/www.lodelmomentoloja.com\/index.php?rest_route=\/wp\/v2\/posts\/27889\/revisions\/27891"}],"wp:featuredmedia":[{"embeddable":true,"href":"https:\/\/www.lodelmomentoloja.com\/index.php?rest_route=\/wp\/v2\/media\/27890"}],"wp:attachment":[{"href":"https:\/\/www.lodelmomentoloja.com\/index.php?rest_route=%2Fwp%2Fv2%2Fmedia&parent=27889"}],"wp:term":[{"taxonomy":"category","embeddable":true,"href":"https:\/\/www.lodelmomentoloja.com\/index.php?rest_route=%2Fwp%2Fv2%2Fcategories&post=27889"},{"taxonomy":"post_tag","embeddable":true,"href":"https:\/\/www.lodelmomentoloja.com\/index.php?rest_route=%2Fwp%2Fv2%2Ftags&post=27889"}],"curies":[{"name":"wp","href":"https:\/\/api.w.org\/{rel}","templated":true}]}}