{"id":27886,"date":"2025-09-19T08:52:43","date_gmt":"2025-09-19T08:52:43","guid":{"rendered":"https:\/\/www.lodelmomentoloja.com\/?p=27886"},"modified":"2025-09-19T14:53:35","modified_gmt":"2025-09-19T14:53:35","slug":"noboa-decreto-toque-de-queda-en-cinco-provincias","status":"publish","type":"post","link":"https:\/\/www.lodelmomentoloja.com\/?p=27886","title":{"rendered":"NOBOA DECRET\u00d3 TOQUE DE QUEDA EN CINCO PROVINCIAS"},"content":{"rendered":"<p>\ud83d\ude31\ud83d\udeab\ud83d\udcc4 \u00a1Atentos todos! El presidente Daniel Noboa emiti\u00f3 el Decreto Ejecutivo 146 la noche de este jueves 18 de septiembre de 2025. Con este documento oficial se extendi\u00f3 el estado de excepci\u00f3n a ocho provincias (se a\u00f1adi\u00f3 Chimborazo) y se anunci\u00f3 el toque de queda en cinco de ellas (Imbabura, Chimborazo, Bol\u00edvar, Carchi, Cotopaxi), mismo que rige de 22:00 a 05:00, todos los d\u00edas a partir de la fecha de emisi\u00f3n. Adem\u00e1s, el documento advierte que todas las personas que circulen durante este horario ser\u00e1n aprehendidas y puestas a \u00f3rdenes de las autoridades competentes.<\/p>\n<p>Estas medidas se tomaron luego que la Confederaci\u00f3n de Nacionalidades Ind\u00edgenas del Ecuador (Conaie) convocara a un paro nacional por la eliminaci\u00f3n del subsidio al di\u00e9sel.<\/p>\n<p>\ud83c\udf10\u2705 S\u00edguenos en nuestra p\u00e1gina verificada: https:\/\/www.facebook.com\/lodelmomentolojaEC<\/p>\n<p>www.lodelmomentoloja.com<br \/>\n<a class=\"x1i10hfl xjbqb8w x1ejq31n x18oe1m7 x1sy0etr xstzfhl x972fbf x10w94by x1qhh985 x14e42zd x9f619 x1ypdohk xt0psk2 x3ct3a4 xdj266r x14z9mp xat24cr x1lziwak xexx8yu xyri2b x18d9i69 x1c1uobl x16tdsg8 x1hl2dhg xggy1nq x1a2a7pz  _aa9_ _a6hd\" tabindex=\"0\" role=\"link\" href=\"https:\/\/www.instagram.com\/explore\/tags\/ldmnoticias\/\">#LDMnoticias<\/a>\u00a0<a class=\"x1i10hfl xjbqb8w x1ejq31n x18oe1m7 x1sy0etr xstzfhl x972fbf x10w94by x1qhh985 x14e42zd x9f619 x1ypdohk xt0psk2 x3ct3a4 xdj266r x14z9mp xat24cr x1lziwak xexx8yu xyri2b x18d9i69 x1c1uobl x16tdsg8 x1hl2dhg xggy1nq x1a2a7pz  _aa9_ _a6hd\" tabindex=\"0\" role=\"link\" href=\"https:\/\/www.instagram.com\/explore\/tags\/lodelmomentolojaldm\/\">#lodelmomentolojaLDM<\/a><\/p>\n","protected":false},"excerpt":{"rendered":"<p>\ud83d\ude31\ud83d\udeab\ud83d\udcc4 \u00a1Atentos todos! El presidente Daniel Noboa emiti\u00f3 el Decreto Ejecutivo 146 la noche de&#8230;<\/p>\n","protected":false},"author":1,"featured_media":27887,"comment_status":"open","ping_status":"open","sticky":false,"template":"","format":"standard","meta":{"footnotes":""},"categories":[7,1],"tags":[],"class_list":["post-27886","post","type-post","status-publish","format-standard","has-post-thumbnail","hentry","category-ecuador","category-inicio"],"_links":{"self":[{"href":"https:\/\/www.lodelmomentoloja.com\/index.php?rest_route=\/wp\/v2\/posts\/27886"}],"collection":[{"href":"https:\/\/www.lodelmomentoloja.com\/index.php?rest_route=\/wp\/v2\/posts"}],"about":[{"href":"https:\/\/www.lodelmomentoloja.com\/index.php?rest_route=\/wp\/v2\/types\/post"}],"author":[{"embeddable":true,"href":"https:\/\/www.lodelmomentoloja.com\/index.php?rest_route=\/wp\/v2\/users\/1"}],"replies":[{"embeddable":true,"href":"https:\/\/www.lodelmomentoloja.com\/index.php?rest_route=%2Fwp%2Fv2%2Fcomments&post=27886"}],"version-history":[{"count":1,"href":"https:\/\/www.lodelmomentoloja.com\/index.php?rest_route=\/wp\/v2\/posts\/27886\/revisions"}],"predecessor-version":[{"id":27888,"href":"https:\/\/www.lodelmomentoloja.com\/index.php?rest_route=\/wp\/v2\/posts\/27886\/revisions\/27888"}],"wp:featuredmedia":[{"embeddable":true,"href":"https:\/\/www.lodelmomentoloja.com\/index.php?rest_route=\/wp\/v2\/media\/27887"}],"wp:attachment":[{"href":"https:\/\/www.lodelmomentoloja.com\/index.php?rest_route=%2Fwp%2Fv2%2Fmedia&parent=27886"}],"wp:term":[{"taxonomy":"category","embeddable":true,"href":"https:\/\/www.lodelmomentoloja.com\/index.php?rest_route=%2Fwp%2Fv2%2Fcategories&post=27886"},{"taxonomy":"post_tag","embeddable":true,"href":"https:\/\/www.lodelmomentoloja.com\/index.php?rest_route=%2Fwp%2Fv2%2Ftags&post=27886"}],"curies":[{"name":"wp","href":"https:\/\/api.w.org\/{rel}","templated":true}]}}