{"id":27882,"date":"2025-09-18T18:17:01","date_gmt":"2025-09-18T18:17:01","guid":{"rendered":"https:\/\/www.lodelmomentoloja.com\/?p=27882"},"modified":"2025-09-18T23:07:47","modified_gmt":"2025-09-18T23:07:47","slug":"noboa-anuncia-prision-para-quienes-salgan-a-las-calles-mientras-se-alistan-para-el-paro","status":"publish","type":"post","link":"https:\/\/www.lodelmomentoloja.com\/?p=27882","title":{"rendered":"Noboa anuncia prisi\u00f3n para quienes salgan a las calles mientras se alistan para el paro"},"content":{"rendered":"<p class=\"selectable-text copyable-text x15bjb6t x1n2onr6\"><span class=\"x19la9d6 x1fc57z9 x6ikm8r x10wlt62 x19co3pv x1g5zs5t xfibh0p xiy17q3 x1xsqp64 x1lkfr7t xexx8yu xyri2b x18d9i69 x1c1uobl\"><span class=\"xrtxmta x1bhl96m\"><img loading=\"lazy\" decoding=\"async\" class=\"wp-image-27884 aligncenter\" src=\"http:\/\/www.lodelmomentoloja.com\/wp-content\/uploads\/2025\/09\/NOTA-VIDEO-3-300x169.jpg\" alt=\"\" width=\"1141\" height=\"643\" srcset=\"https:\/\/www.lodelmomentoloja.com\/wp-content\/uploads\/2025\/09\/NOTA-VIDEO-3-300x169.jpg 300w, https:\/\/www.lodelmomentoloja.com\/wp-content\/uploads\/2025\/09\/NOTA-VIDEO-3-1024x576.jpg 1024w, https:\/\/www.lodelmomentoloja.com\/wp-content\/uploads\/2025\/09\/NOTA-VIDEO-3-768x432.jpg 768w, https:\/\/www.lodelmomentoloja.com\/wp-content\/uploads\/2025\/09\/NOTA-VIDEO-3-640x360.jpg 640w, https:\/\/www.lodelmomentoloja.com\/wp-content\/uploads\/2025\/09\/NOTA-VIDEO-3-1536x864.jpg 1536w, https:\/\/www.lodelmomentoloja.com\/wp-content\/uploads\/2025\/09\/NOTA-VIDEO-3.jpg 1920w\" sizes=\"(max-width: 1141px) 100vw, 1141px\" \/><\/p>\n<p>\ud83d\ude31<\/span><\/span><span class=\"x19la9d6 x1fc57z9 x6ikm8r x10wlt62 x19co3pv x1g5zs5t xfibh0p xiy17q3 x1xsqp64 x1lkfr7t xexx8yu xyri2b x18d9i69 x1c1uobl\"><span class=\"xrtxmta x1bhl96m\">\ud83d\udde3\ufe0f<\/span><\/span><span class=\"x19la9d6 x1fc57z9 x6ikm8r x10wlt62 x19co3pv x1g5zs5t xfibh0p xiy17q3 x1xsqp64 x1lkfr7t xexx8yu xyri2b x18d9i69 x1c1uobl\"><span class=\"xrtxmta x1bhl96m\">\ud83d\udcaa\ud83c\udffb<\/span><\/span><span class=\"selectable-text copyable-text xkrh14z\">\u00a1Se viene el paro! La asamblea extraordinaria de la Conaie resolvi\u00f3 convocar a un Paro Nacional inmediato e indefinido en el Ecuador en rechazo a la eliminaci\u00f3n del subsidio al di\u00e9sel. Mientras la Confederaci\u00f3n de Nacionalidades Ind\u00edgenas defin\u00eda acciones en contra del Gobierno, en la misma ciudad, el presidente Noboa advirti\u00f3 a l\u00edderes gremiales que intenten presionar a agricultores para salir a protestar ir\u00e1n 30 a\u00f1os a prisi\u00f3n. <\/span><\/p>\n<div style=\"width: 640px;\" class=\"wp-video\"><!--[if lt IE 9]><script>document.createElement('video');<\/script><![endif]-->\n<video class=\"wp-video-shortcode\" id=\"video-27882-1\" width=\"640\" height=\"360\" preload=\"metadata\" controls=\"controls\"><source type=\"video\/mp4\" src=\"http:\/\/www.lodelmomentoloja.com\/wp-content\/uploads\/2025\/09\/2025-07-16-12-06-07_15.mp4?_=1\" \/><a href=\"http:\/\/www.lodelmomentoloja.com\/wp-content\/uploads\/2025\/09\/2025-07-16-12-06-07_15.mp4\">http:\/\/www.lodelmomentoloja.com\/wp-content\/uploads\/2025\/09\/2025-07-16-12-06-07_15.mp4<\/a><\/video><\/div>\n<p>Adicional a ello, la Conaie tambi\u00e9n dispuso 6 resoluciones: ratificar la unidad de los pueblos para enfrentar los ajustes econ\u00f3micos; exigir la derogatoria inmediata del Decreto 126; denunciar y rechazar la persecuci\u00f3n del Gobierno Nacional; rechazar el extractivismo y la expansi\u00f3n de la frontera petrolera; declarar en estado de excepci\u00f3n comunitaria a los pueblos y nacionalidades en todo el pa\u00eds y; finalmente, rechazar la consulta popular y la intenci\u00f3n de una Asamblea Constituyente.<\/p>\n<p>Sin embargo, mientras la Confederaci\u00f3n de Nacionalidades Ind\u00edgenas sesionaba a puerta cerrada en la Casa Ind\u00edgena de Riobamba para definir acciones en contra del Gobierno en Riobamba, en la misma ciudad, el presidente Noboa advirti\u00f3 a l\u00edderes gremiales que intenten presionar a agricultores para salir a protestar ir\u00e1n 30 a\u00f1os a prisi\u00f3n.<\/p>\n<p>El anuncio lo hizo durante la entrega de tractores, kits de nutrici\u00f3n y otros incentivos para la zona campesina.<\/p>\n<p>No obstante, las advertencias, al parecer, no rindieron fruto, puesto que, la Conaie alista movilizaciones masivas en contra del Gobierno.<\/p>\n<p class=\"selectable-text copyable-text x15bjb6t x1n2onr6\"><span class=\"x19la9d6 x1fc57z9 x6ikm8r x10wlt62 x19co3pv x1g5zs5t xfibh0p xiy17q3 x1xsqp64 x1lkfr7t xexx8yu xyri2b x18d9i69 x1c1uobl\"><span class=\"xrtxmta x1bhl96m\">\ud83c\udf10<\/span><\/span><span class=\"x19la9d6 x1fc57z9 x6ikm8r x10wlt62 x19co3pv x1g5zs5t xfibh0p xiy17q3 x1xsqp64 x1lkfr7t xexx8yu xyri2b x18d9i69 x1c1uobl\"><span class=\"xrtxmta x1bhl96m\">\u2705<\/span><\/span><span class=\"selectable-text copyable-text xkrh14z\"> S\u00edguenos en nuestra p\u00e1gina verificada: <\/span><span class=\"selectable-text copyable-text xkrh14z\">https:\/\/www.facebook.com\/lodelmomentolojaEC<\/span><\/p>\n<p class=\"selectable-text copyable-text x15bjb6t x1n2onr6\"><span class=\"selectable-text copyable-text xkrh14z\">www.lodelmomentoloja.com<\/span><\/p>\n<p class=\"selectable-text copyable-text x15bjb6t x1n2onr6\"><span class=\"selectable-text copyable-text xkrh14z\">#LDMnoticias #lodelmomentolojaLDM<\/span><\/p>\n","protected":false},"excerpt":{"rendered":"<p>\ud83d\ude31\ud83d\udde3\ufe0f\ud83d\udcaa\ud83c\udffb\u00a1Se viene el paro! La asamblea extraordinaria de la Conaie resolvi\u00f3 convocar a un Paro&#8230;<\/p>\n","protected":false},"author":1,"featured_media":0,"comment_status":"open","ping_status":"open","sticky":false,"template":"","format":"standard","meta":{"footnotes":""},"categories":[7,1,5],"tags":[],"class_list":["post-27882","post","type-post","status-publish","format-standard","hentry","category-ecuador","category-inicio","category-loja"],"_links":{"self":[{"href":"https:\/\/www.lodelmomentoloja.com\/index.php?rest_route=\/wp\/v2\/posts\/27882"}],"collection":[{"href":"https:\/\/www.lodelmomentoloja.com\/index.php?rest_route=\/wp\/v2\/posts"}],"about":[{"href":"https:\/\/www.lodelmomentoloja.com\/index.php?rest_route=\/wp\/v2\/types\/post"}],"author":[{"embeddable":true,"href":"https:\/\/www.lodelmomentoloja.com\/index.php?rest_route=\/wp\/v2\/users\/1"}],"replies":[{"embeddable":true,"href":"https:\/\/www.lodelmomentoloja.com\/index.php?rest_route=%2Fwp%2Fv2%2Fcomments&post=27882"}],"version-history":[{"count":1,"href":"https:\/\/www.lodelmomentoloja.com\/index.php?rest_route=\/wp\/v2\/posts\/27882\/revisions"}],"predecessor-version":[{"id":27885,"href":"https:\/\/www.lodelmomentoloja.com\/index.php?rest_route=\/wp\/v2\/posts\/27882\/revisions\/27885"}],"wp:attachment":[{"href":"https:\/\/www.lodelmomentoloja.com\/index.php?rest_route=%2Fwp%2Fv2%2Fmedia&parent=27882"}],"wp:term":[{"taxonomy":"category","embeddable":true,"href":"https:\/\/www.lodelmomentoloja.com\/index.php?rest_route=%2Fwp%2Fv2%2Fcategories&post=27882"},{"taxonomy":"post_tag","embeddable":true,"href":"https:\/\/www.lodelmomentoloja.com\/index.php?rest_route=%2Fwp%2Fv2%2Ftags&post=27882"}],"curies":[{"name":"wp","href":"https:\/\/api.w.org\/{rel}","templated":true}]}}