{"id":27875,"date":"2025-09-18T15:31:40","date_gmt":"2025-09-18T15:31:40","guid":{"rendered":"https:\/\/www.lodelmomentoloja.com\/?p=27875"},"modified":"2025-09-18T20:31:26","modified_gmt":"2025-09-18T20:31:26","slug":"conaie-anuncia-paro-indefinido","status":"publish","type":"post","link":"https:\/\/www.lodelmomentoloja.com\/?p=27875","title":{"rendered":"CONAIE ANUNCIA PARO INDEFINIDO"},"content":{"rendered":"<p>\ud83d\ude31\ud83d\udde3\ufe0f\ud83d\udcaa\ud83c\udffb\u00a1Paro indefinido! La Conaie convoc\u00f3 este 18 de septiembre de 2025 a un paro nacional, inmediato e indefinido en Ecuador, en rechazo a la eliminaci\u00f3n del subsidio al di\u00e9sel que ha provocado ya protestas aisladas.\u00a0Dicha decisi\u00f3n se tom\u00f3 en la asamblea extraordinaria de la Conaie, realizada en Riobamba.<\/p>\n<p>Entre las resoluciones aprobadas por las bases de la Conaie est\u00e1n:\u00a0 Ratificar la unidad de los pueblos para enfrentar los ajustes econ\u00f3micos, exigir la derogatoria del decreto 126 que elimina el subsidio al di\u00e9sel, denunciar y rechazar persecuci\u00f3n del Gobierno nacional y se acogen al derecho a la resistencia, declarar estado de excepci\u00f3n comunitario nivel nacional en los pueblos y nacionalidades. Prohibici\u00f3n del ingreso de la fuerza p\u00fablica a los territorios, y se activan las guardias comunitarias para la protecci\u00f3n de los pueblos, el rechazo a la consulta popular y el intento de una Asamblea Constituyente que &#8220;no resuelve los problemas del pa\u00eds&#8221; y mucho m\u00e1s.<\/p>\n<p>Fuente: Primicias Ec.<\/p>\n<p>\ud83c\udf10\u2705 S\u00edguenos en nuestra p\u00e1gina verificada: https:\/\/www.facebook.com\/lodelmomentolojaEC<\/p>\n<p>www.lodelmomentoloja.com<br \/>\n<a class=\"x1i10hfl xjbqb8w x1ejq31n x18oe1m7 x1sy0etr xstzfhl x972fbf x10w94by x1qhh985 x14e42zd x9f619 x1ypdohk xt0psk2 x3ct3a4 xdj266r x14z9mp xat24cr x1lziwak xexx8yu xyri2b x18d9i69 x1c1uobl x16tdsg8 x1hl2dhg xggy1nq x1a2a7pz  _aa9_ _a6hd\" tabindex=\"0\" role=\"link\" href=\"https:\/\/www.instagram.com\/explore\/tags\/ldmnoticias\/\">#LDMnoticias<\/a>\u00a0<a class=\"x1i10hfl xjbqb8w x1ejq31n x18oe1m7 x1sy0etr xstzfhl x972fbf x10w94by x1qhh985 x14e42zd x9f619 x1ypdohk xt0psk2 x3ct3a4 xdj266r x14z9mp xat24cr x1lziwak xexx8yu xyri2b x18d9i69 x1c1uobl x16tdsg8 x1hl2dhg xggy1nq x1a2a7pz  _aa9_ _a6hd\" tabindex=\"0\" role=\"link\" href=\"https:\/\/www.instagram.com\/explore\/tags\/lodelmomentolojaldm\/\">#lodelmomentolojaLDM<\/a><\/p>\n","protected":false},"excerpt":{"rendered":"<p>\ud83d\ude31\ud83d\udde3\ufe0f\ud83d\udcaa\ud83c\udffb\u00a1Paro indefinido! La Conaie convoc\u00f3 este 18 de septiembre de 2025 a un paro nacional,&#8230;<\/p>\n","protected":false},"author":1,"featured_media":27876,"comment_status":"open","ping_status":"open","sticky":false,"template":"","format":"standard","meta":{"footnotes":""},"categories":[7,1,5],"tags":[],"class_list":["post-27875","post","type-post","status-publish","format-standard","has-post-thumbnail","hentry","category-ecuador","category-inicio","category-loja"],"_links":{"self":[{"href":"https:\/\/www.lodelmomentoloja.com\/index.php?rest_route=\/wp\/v2\/posts\/27875"}],"collection":[{"href":"https:\/\/www.lodelmomentoloja.com\/index.php?rest_route=\/wp\/v2\/posts"}],"about":[{"href":"https:\/\/www.lodelmomentoloja.com\/index.php?rest_route=\/wp\/v2\/types\/post"}],"author":[{"embeddable":true,"href":"https:\/\/www.lodelmomentoloja.com\/index.php?rest_route=\/wp\/v2\/users\/1"}],"replies":[{"embeddable":true,"href":"https:\/\/www.lodelmomentoloja.com\/index.php?rest_route=%2Fwp%2Fv2%2Fcomments&post=27875"}],"version-history":[{"count":1,"href":"https:\/\/www.lodelmomentoloja.com\/index.php?rest_route=\/wp\/v2\/posts\/27875\/revisions"}],"predecessor-version":[{"id":27877,"href":"https:\/\/www.lodelmomentoloja.com\/index.php?rest_route=\/wp\/v2\/posts\/27875\/revisions\/27877"}],"wp:featuredmedia":[{"embeddable":true,"href":"https:\/\/www.lodelmomentoloja.com\/index.php?rest_route=\/wp\/v2\/media\/27876"}],"wp:attachment":[{"href":"https:\/\/www.lodelmomentoloja.com\/index.php?rest_route=%2Fwp%2Fv2%2Fmedia&parent=27875"}],"wp:term":[{"taxonomy":"category","embeddable":true,"href":"https:\/\/www.lodelmomentoloja.com\/index.php?rest_route=%2Fwp%2Fv2%2Fcategories&post=27875"},{"taxonomy":"post_tag","embeddable":true,"href":"https:\/\/www.lodelmomentoloja.com\/index.php?rest_route=%2Fwp%2Fv2%2Ftags&post=27875"}],"curies":[{"name":"wp","href":"https:\/\/api.w.org\/{rel}","templated":true}]}}