{"id":27856,"date":"2025-09-18T08:47:37","date_gmt":"2025-09-18T08:47:37","guid":{"rendered":"https:\/\/www.lodelmomentoloja.com\/?p=27856"},"modified":"2025-09-18T15:51:45","modified_gmt":"2025-09-18T15:51:45","slug":"paciente-con-insuficiencia-renal-f4ll3c1o-mientras-protestaba-por-falta-de-insumos-en-ambato","status":"publish","type":"post","link":"https:\/\/www.lodelmomentoloja.com\/?p=27856","title":{"rendered":"PACIENTE CON INSUFICIENCIA RENAL F4LL3C1\u00d2 MIENTRAS PROTESTABA POR FALTA DE INSUMOS EN AMBATO"},"content":{"rendered":"<p>\ud83d\ude31\ud83d\udea8\ud83d\ude91\u00a1Hasta cuando! Un paciente que participaba en una protesta por falta de\u00a0tratamientos e insumos para pacientes con insuficiencia renal en el Hospital General Docente de Ambato, falleci\u00f3 la ma\u00f1ana del 17 de septiembre despu\u00e9s de desplomarse en los exteriores del establecimiento. Seg\u00fan ciudadanos, mencionan que tras desvanecerse, fue cargado por sus compa\u00f1eros hacia el \u00e1rea de emergencia en medio del clamor: &#8220;queremos los insumos, por favor, necesitamos. \u00a1Nos estamos mvr13ndo!&#8221;.<\/p>\n<p>Cabe destacar que el grupo de pacientes reclamaba por tercera semana consecutiva insumos para tratamientos de di\u00e1lisis peritoneal y hemodi\u00e1lisis.<\/p>\n<p>\ud83c\udf10\u2705 S\u00edguenos en nuestra p\u00e1gina verificada: https:\/\/www.facebook.com\/lodelmomentolojaEC<\/p>\n<p>www.lodelmomentoloja.com<br \/>\n<a class=\"x1i10hfl xjbqb8w x1ejq31n x18oe1m7 x1sy0etr xstzfhl x972fbf x10w94by x1qhh985 x14e42zd x9f619 x1ypdohk xt0psk2 x3ct3a4 xdj266r x14z9mp xat24cr x1lziwak xexx8yu xyri2b x18d9i69 x1c1uobl x16tdsg8 x1hl2dhg xggy1nq x1a2a7pz  _aa9_ _a6hd\" tabindex=\"0\" role=\"link\" href=\"https:\/\/www.instagram.com\/explore\/tags\/ldmnoticias\/\">#LDMnoticias<\/a>\u00a0<a class=\"x1i10hfl xjbqb8w x1ejq31n x18oe1m7 x1sy0etr xstzfhl x972fbf x10w94by x1qhh985 x14e42zd x9f619 x1ypdohk xt0psk2 x3ct3a4 xdj266r x14z9mp xat24cr x1lziwak xexx8yu xyri2b x18d9i69 x1c1uobl x16tdsg8 x1hl2dhg xggy1nq x1a2a7pz  _aa9_ _a6hd\" tabindex=\"0\" role=\"link\" href=\"https:\/\/www.instagram.com\/explore\/tags\/lodelmomentolojaldm\/\">#lodelmomentolojaLDM<\/a><\/p>\n","protected":false},"excerpt":{"rendered":"<p>\ud83d\ude31\ud83d\udea8\ud83d\ude91\u00a1Hasta cuando! Un paciente que participaba en una protesta por falta de\u00a0tratamientos e insumos para&#8230;<\/p>\n","protected":false},"author":1,"featured_media":27857,"comment_status":"open","ping_status":"open","sticky":false,"template":"","format":"standard","meta":{"footnotes":""},"categories":[7,1],"tags":[],"class_list":["post-27856","post","type-post","status-publish","format-standard","has-post-thumbnail","hentry","category-ecuador","category-inicio"],"_links":{"self":[{"href":"https:\/\/www.lodelmomentoloja.com\/index.php?rest_route=\/wp\/v2\/posts\/27856"}],"collection":[{"href":"https:\/\/www.lodelmomentoloja.com\/index.php?rest_route=\/wp\/v2\/posts"}],"about":[{"href":"https:\/\/www.lodelmomentoloja.com\/index.php?rest_route=\/wp\/v2\/types\/post"}],"author":[{"embeddable":true,"href":"https:\/\/www.lodelmomentoloja.com\/index.php?rest_route=\/wp\/v2\/users\/1"}],"replies":[{"embeddable":true,"href":"https:\/\/www.lodelmomentoloja.com\/index.php?rest_route=%2Fwp%2Fv2%2Fcomments&post=27856"}],"version-history":[{"count":1,"href":"https:\/\/www.lodelmomentoloja.com\/index.php?rest_route=\/wp\/v2\/posts\/27856\/revisions"}],"predecessor-version":[{"id":27858,"href":"https:\/\/www.lodelmomentoloja.com\/index.php?rest_route=\/wp\/v2\/posts\/27856\/revisions\/27858"}],"wp:featuredmedia":[{"embeddable":true,"href":"https:\/\/www.lodelmomentoloja.com\/index.php?rest_route=\/wp\/v2\/media\/27857"}],"wp:attachment":[{"href":"https:\/\/www.lodelmomentoloja.com\/index.php?rest_route=%2Fwp%2Fv2%2Fmedia&parent=27856"}],"wp:term":[{"taxonomy":"category","embeddable":true,"href":"https:\/\/www.lodelmomentoloja.com\/index.php?rest_route=%2Fwp%2Fv2%2Fcategories&post=27856"},{"taxonomy":"post_tag","embeddable":true,"href":"https:\/\/www.lodelmomentoloja.com\/index.php?rest_route=%2Fwp%2Fv2%2Ftags&post=27856"}],"curies":[{"name":"wp","href":"https:\/\/api.w.org\/{rel}","templated":true}]}}