{"id":27839,"date":"2025-09-17T12:00:59","date_gmt":"2025-09-17T12:00:59","guid":{"rendered":"https:\/\/www.lodelmomentoloja.com\/?p=27839"},"modified":"2025-09-17T17:03:20","modified_gmt":"2025-09-17T17:03:20","slug":"en-la-provincia-de-loja-se-dieron-movilizaciones-pero-no-por-mucho-tiempo","status":"publish","type":"post","link":"https:\/\/www.lodelmomentoloja.com\/?p=27839","title":{"rendered":"En la provincia de Loja se dieron movilizaciones, pero no por mucho tiempo"},"content":{"rendered":"<p class=\"selectable-text copyable-text x15bjb6t x1n2onr6\"><span class=\"x19la9d6 x1fc57z9 x6ikm8r x10wlt62 x19co3pv x1g5zs5t xfibh0p xiy17q3 x1xsqp64 x1lkfr7t xexx8yu xyri2b x18d9i69 x1c1uobl\"><span class=\"xrtxmta x1bhl96m\"><img loading=\"lazy\" decoding=\"async\" class=\"wp-image-27841 aligncenter\" src=\"http:\/\/www.lodelmomentoloja.com\/wp-content\/uploads\/2025\/09\/NOTA-VIDEO-1-300x169.jpg\" alt=\"\" width=\"1133\" height=\"638\" srcset=\"https:\/\/www.lodelmomentoloja.com\/wp-content\/uploads\/2025\/09\/NOTA-VIDEO-1-300x169.jpg 300w, https:\/\/www.lodelmomentoloja.com\/wp-content\/uploads\/2025\/09\/NOTA-VIDEO-1-1024x576.jpg 1024w, https:\/\/www.lodelmomentoloja.com\/wp-content\/uploads\/2025\/09\/NOTA-VIDEO-1-768x432.jpg 768w, https:\/\/www.lodelmomentoloja.com\/wp-content\/uploads\/2025\/09\/NOTA-VIDEO-1-640x360.jpg 640w, https:\/\/www.lodelmomentoloja.com\/wp-content\/uploads\/2025\/09\/NOTA-VIDEO-1-1536x864.jpg 1536w, https:\/\/www.lodelmomentoloja.com\/wp-content\/uploads\/2025\/09\/NOTA-VIDEO-1.jpg 1920w\" sizes=\"(max-width: 1133px) 100vw, 1133px\" \/><\/p>\n<p>\ud83d\udeab<\/span><\/span><span class=\"x19la9d6 x1fc57z9 x6ikm8r x10wlt62 x19co3pv x1g5zs5t xfibh0p xiy17q3 x1xsqp64 x1lkfr7t xexx8yu xyri2b x18d9i69 x1c1uobl\"><span class=\"xrtxmta x1bhl96m\">\ud83d\ude9a<\/span><\/span><span class=\"x19la9d6 x1fc57z9 x6ikm8r x10wlt62 x19co3pv x1g5zs5t xfibh0p xiy17q3 x1xsqp64 x1lkfr7t xexx8yu xyri2b x18d9i69 x1c1uobl\"><span class=\"xrtxmta x1bhl96m\">\ud83d\udde3\ufe0f<\/span><\/span><span class=\"selectable-text copyable-text xkrh14z\"> \u00a1Loja se suma! La provincia de Loja ha experimentado protestas por la medida estatal, en horas de la tarde del martes, la Federaci\u00f3n Interprovincial de Ind\u00edgenas Saraguros (FIIS) bloque\u00f3 el sector Sinincapac en el cant\u00f3n Saraguro. D\u00edas atr\u00e1s, transportistas ya hab\u00edan cerrando la v\u00eda en el sector El Plateado de la ciudad de Loja. Mientras que, a escala nacional, el panorama es completamente diferente.<\/span><\/p>\n<div style=\"width: 640px;\" class=\"wp-video\"><!--[if lt IE 9]><script>document.createElement('video');<\/script><![endif]-->\n<video class=\"wp-video-shortcode\" id=\"video-27839-1\" width=\"640\" height=\"360\" preload=\"metadata\" controls=\"controls\"><source type=\"video\/mp4\" src=\"http:\/\/www.lodelmomentoloja.com\/wp-content\/uploads\/2025\/09\/MOVILIZACIONES-EN-LOJA-REDUCIDO.mp4?_=1\" \/><a href=\"http:\/\/www.lodelmomentoloja.com\/wp-content\/uploads\/2025\/09\/MOVILIZACIONES-EN-LOJA-REDUCIDO.mp4\">http:\/\/www.lodelmomentoloja.com\/wp-content\/uploads\/2025\/09\/MOVILIZACIONES-EN-LOJA-REDUCIDO.mp4<\/a><\/video><\/div>\n<p class=\"selectable-text copyable-text x15bjb6t x1n2onr6\">\n<p>La provincia de Loja ha experimentado protestas por la medida estatal, en horas de la tarde del martes, la Federaci\u00f3n Interprovincial de Ind\u00edgenas Saraguros (FIIS) bloque\u00f3 el sector Sinincapac en el cant\u00f3n Saraguro, cerrando la v\u00eda que conecta Loja con la ciudad de Cuenca. Aunque la movilizaci\u00f3n obstaculiz\u00f3 el tr\u00e1nsito vehicular durante algunas horas, pasadas las 20H00 los manifestantes habilitaron la circulaci\u00f3n.<\/p>\n<p>D\u00edas atr\u00e1s, en el cant\u00f3n Loja tambi\u00e9n se registraron movilizaciones de los transportistas quienes parcialmente bloquearon la v\u00eda en el sector El Plateado. En la provincia de Loja, las manifestaciones no han generado mayor inconveniente en la ciudadan\u00eda que desarrolla sus actividades de manera habitual.<\/p>\n<p>A escala nacional, el panorama es completamente diferente y, es que en el tercer d\u00eda de protesta los manifestantes volvieron a salir, pese al estado de excepci\u00f3n en siete provincias. Este mi\u00e9rcoles, hay v\u00edas cerradas en Carchi y Pichincha, seg\u00fan el reporte ECU 911, con corte a las 06H30.<\/p>\n<p>Mientras tanto, la Conaie exigi\u00f3 la derogatoria del Decreto 126 y convoc\u00f3 a una Asamblea Extraordinaria este jueves en Riobamba para definir acci\u00f3n, un llamado a la unidad nacional y respalda a los pueblos y sectores movilizados.<\/p>\n<p>Por su parte, el primer mandatario Daniel Noboa defiende la eliminaci\u00f3n del subsidio y asegura que esos recursos se destinar\u00e1n a obras, salud y educaci\u00f3n. Adem\u00e1s, indic\u00f3 que la medida ya hab\u00eda sido propuesta por el expresidente Rafael Correa.<\/p>\n<p>El gobierno anunci\u00f3 compensaciones econ\u00f3micas y cr\u00e9ditos productivos para mitigar el impacto del incremento, pero no retrocedi\u00f3 en la eliminaci\u00f3n del subsidio.<\/p>\n<p class=\"selectable-text copyable-text x15bjb6t x1n2onr6\"><span class=\"x19la9d6 x1fc57z9 x6ikm8r x10wlt62 x19co3pv x1g5zs5t xfibh0p xiy17q3 x1xsqp64 x1lkfr7t xexx8yu xyri2b x18d9i69 x1c1uobl\"><span class=\"xrtxmta x1bhl96m\">\ud83c\udf10<\/span><\/span><span class=\"x19la9d6 x1fc57z9 x6ikm8r x10wlt62 x19co3pv x1g5zs5t xfibh0p xiy17q3 x1xsqp64 x1lkfr7t xexx8yu xyri2b x18d9i69 x1c1uobl\"><span class=\"xrtxmta x1bhl96m\">\u2705<\/span><\/span><span class=\"selectable-text copyable-text xkrh14z\"> S\u00edguenos en nuestra p\u00e1gina verificada: <\/span><span class=\"selectable-text copyable-text xkrh14z\">https:\/\/www.facebook.com\/lodelmomentolojaEC<\/span><\/p>\n<p class=\"selectable-text copyable-text x15bjb6t x1n2onr6\"><span class=\"selectable-text copyable-text xkrh14z\">www.lodelmomentoloja.com<\/span><\/p>\n<p class=\"selectable-text copyable-text x15bjb6t x1n2onr6\"><span class=\"selectable-text copyable-text xkrh14z\">#LDMnoticias #lodelmomentolojaLDM<\/span><\/p>\n","protected":false},"excerpt":{"rendered":"<p>\ud83d\udeab\ud83d\ude9a\ud83d\udde3\ufe0f \u00a1Loja se suma! La provincia de Loja ha experimentado protestas por la medida estatal,&#8230;<\/p>\n","protected":false},"author":1,"featured_media":0,"comment_status":"open","ping_status":"open","sticky":false,"template":"","format":"standard","meta":{"footnotes":""},"categories":[7,1,5],"tags":[],"class_list":["post-27839","post","type-post","status-publish","format-standard","hentry","category-ecuador","category-inicio","category-loja"],"_links":{"self":[{"href":"https:\/\/www.lodelmomentoloja.com\/index.php?rest_route=\/wp\/v2\/posts\/27839"}],"collection":[{"href":"https:\/\/www.lodelmomentoloja.com\/index.php?rest_route=\/wp\/v2\/posts"}],"about":[{"href":"https:\/\/www.lodelmomentoloja.com\/index.php?rest_route=\/wp\/v2\/types\/post"}],"author":[{"embeddable":true,"href":"https:\/\/www.lodelmomentoloja.com\/index.php?rest_route=\/wp\/v2\/users\/1"}],"replies":[{"embeddable":true,"href":"https:\/\/www.lodelmomentoloja.com\/index.php?rest_route=%2Fwp%2Fv2%2Fcomments&post=27839"}],"version-history":[{"count":1,"href":"https:\/\/www.lodelmomentoloja.com\/index.php?rest_route=\/wp\/v2\/posts\/27839\/revisions"}],"predecessor-version":[{"id":27842,"href":"https:\/\/www.lodelmomentoloja.com\/index.php?rest_route=\/wp\/v2\/posts\/27839\/revisions\/27842"}],"wp:attachment":[{"href":"https:\/\/www.lodelmomentoloja.com\/index.php?rest_route=%2Fwp%2Fv2%2Fmedia&parent=27839"}],"wp:term":[{"taxonomy":"category","embeddable":true,"href":"https:\/\/www.lodelmomentoloja.com\/index.php?rest_route=%2Fwp%2Fv2%2Fcategories&post=27839"},{"taxonomy":"post_tag","embeddable":true,"href":"https:\/\/www.lodelmomentoloja.com\/index.php?rest_route=%2Fwp%2Fv2%2Ftags&post=27839"}],"curies":[{"name":"wp","href":"https:\/\/api.w.org\/{rel}","templated":true}]}}