{"id":27836,"date":"2025-09-17T11:42:48","date_gmt":"2025-09-17T11:42:48","guid":{"rendered":"https:\/\/www.lodelmomentoloja.com\/?p=27836"},"modified":"2025-09-17T16:44:10","modified_gmt":"2025-09-17T16:44:10","slug":"por-primera-vez-ecuador-formo-parte-del-evento-latinos-en-times-square-en-new-york","status":"publish","type":"post","link":"https:\/\/www.lodelmomentoloja.com\/?p=27836","title":{"rendered":"POR PRIMERA VEZ, ECUADOR FORM\u00d3 PARTE DEL EVENTO &#8216;LATINOS EN TIMES SQUARE&#8217; EN NEW YORK"},"content":{"rendered":"<p>\ud83c\uddea\ud83c\udde8\u2728\ud83d\uddfd\u00a1Orgullo Total! El evento denominado &#8216;Latinos en Times Square&#8217;, es una celebraci\u00f3n sobre las contribuciones y la diversidad de la cultura latina en Nueva York, en donde por primera vez, Ecuador tuvo un espacio propio en dicho evento que se celebr\u00f3 este 16 de septiembre y di\u00f3 inicio al Mes de la Herencia Hispana. Con danza, un grupo de percusi\u00f3n y con Nativas como banda tributo a la m\u00fasica ecuatoriana, se pudo dar presencia en donde asistieron cientos de compatriotas con sus banderas, camisetas y hasta con sombreros de paja toquilla, adem\u00e1s de una bandera enorme estuvo en las famosas escaleras del Times Square.<\/p>\n<p>El c\u00f3nsul general de Ecuador en Nueva York, Jos\u00e9 Zambrano, destac\u00f3 el valor hist\u00f3rico del hecho: \u201cNunca antes se hab\u00eda invitado a nuestro pa\u00eds a presentarse en este evento. Es un reconocimiento a la fuerza de los ecuatorianos, que ya somos la tercera comunidad hispana m\u00e1s numerosa en Nueva York\u201d.<\/p>\n<p>\ud83c\udf10\u2705 S\u00edguenos en nuestra p\u00e1gina verificada: https:\/\/www.facebook.com\/lodelmomentolojaEC<\/p>\n<p>www.lodelmomentoloja.com<br \/>\n<a class=\"x1i10hfl xjbqb8w x1ejq31n x18oe1m7 x1sy0etr xstzfhl x972fbf x10w94by x1qhh985 x14e42zd x9f619 x1ypdohk xt0psk2 x3ct3a4 xdj266r x14z9mp xat24cr x1lziwak xexx8yu xyri2b x18d9i69 x1c1uobl x16tdsg8 x1hl2dhg xggy1nq x1a2a7pz  _aa9_ _a6hd\" tabindex=\"0\" role=\"link\" href=\"https:\/\/www.instagram.com\/explore\/tags\/ldmnoticias\/\">#LDMnoticias<\/a>\u00a0<a class=\"x1i10hfl xjbqb8w x1ejq31n x18oe1m7 x1sy0etr xstzfhl x972fbf x10w94by x1qhh985 x14e42zd x9f619 x1ypdohk xt0psk2 x3ct3a4 xdj266r x14z9mp xat24cr x1lziwak xexx8yu xyri2b x18d9i69 x1c1uobl x16tdsg8 x1hl2dhg xggy1nq x1a2a7pz  _aa9_ _a6hd\" tabindex=\"0\" role=\"link\" href=\"https:\/\/www.instagram.com\/explore\/tags\/lodelmomentolojaldm\/\">#lodelmomentolojaLDM<\/a><\/p>\n","protected":false},"excerpt":{"rendered":"<p>\ud83c\uddea\ud83c\udde8\u2728\ud83d\uddfd\u00a1Orgullo Total! El evento denominado &#8216;Latinos en Times Square&#8217;, es una celebraci\u00f3n sobre las contribuciones&#8230;<\/p>\n","protected":false},"author":1,"featured_media":27837,"comment_status":"open","ping_status":"open","sticky":false,"template":"","format":"standard","meta":{"footnotes":""},"categories":[7,1,4,5],"tags":[],"class_list":["post-27836","post","type-post","status-publish","format-standard","has-post-thumbnail","hentry","category-ecuador","category-inicio","category-internacional","category-loja"],"_links":{"self":[{"href":"https:\/\/www.lodelmomentoloja.com\/index.php?rest_route=\/wp\/v2\/posts\/27836"}],"collection":[{"href":"https:\/\/www.lodelmomentoloja.com\/index.php?rest_route=\/wp\/v2\/posts"}],"about":[{"href":"https:\/\/www.lodelmomentoloja.com\/index.php?rest_route=\/wp\/v2\/types\/post"}],"author":[{"embeddable":true,"href":"https:\/\/www.lodelmomentoloja.com\/index.php?rest_route=\/wp\/v2\/users\/1"}],"replies":[{"embeddable":true,"href":"https:\/\/www.lodelmomentoloja.com\/index.php?rest_route=%2Fwp%2Fv2%2Fcomments&post=27836"}],"version-history":[{"count":1,"href":"https:\/\/www.lodelmomentoloja.com\/index.php?rest_route=\/wp\/v2\/posts\/27836\/revisions"}],"predecessor-version":[{"id":27838,"href":"https:\/\/www.lodelmomentoloja.com\/index.php?rest_route=\/wp\/v2\/posts\/27836\/revisions\/27838"}],"wp:featuredmedia":[{"embeddable":true,"href":"https:\/\/www.lodelmomentoloja.com\/index.php?rest_route=\/wp\/v2\/media\/27837"}],"wp:attachment":[{"href":"https:\/\/www.lodelmomentoloja.com\/index.php?rest_route=%2Fwp%2Fv2%2Fmedia&parent=27836"}],"wp:term":[{"taxonomy":"category","embeddable":true,"href":"https:\/\/www.lodelmomentoloja.com\/index.php?rest_route=%2Fwp%2Fv2%2Fcategories&post=27836"},{"taxonomy":"post_tag","embeddable":true,"href":"https:\/\/www.lodelmomentoloja.com\/index.php?rest_route=%2Fwp%2Fv2%2Ftags&post=27836"}],"curies":[{"name":"wp","href":"https:\/\/api.w.org\/{rel}","templated":true}]}}