{"id":27830,"date":"2025-09-17T09:50:21","date_gmt":"2025-09-17T09:50:21","guid":{"rendered":"https:\/\/www.lodelmomentoloja.com\/?p=27830"},"modified":"2025-09-17T14:51:21","modified_gmt":"2025-09-17T14:51:21","slug":"eva-ayllon-en-loja","status":"publish","type":"post","link":"https:\/\/www.lodelmomentoloja.com\/?p=27830","title":{"rendered":"EVA AYLL\u00d3N EN LOJA"},"content":{"rendered":"<p>\ud83c\udfa4\u2728\ud83c\udf39 \u00a1Porque Loja lo necesitaba! Tras 15 a\u00f1os de espera, la grande de Latinoam\u00e9rica EVA AYLL\u00d3N, llega a Loja con un espect\u00e1culo inolvidable lleno de m\u00fasica criolla, sentimiento y tradici\u00f3n. Ser\u00e1 la oportunidad perfecta para disfrutar de su voz inconfundible, su arte cargado de historia y sus canciones que han marcado generaciones.<\/p>\n<p>\ud83d\udcc5 Fecha: 6 de noviembre<br \/>\n\ud83d\udccd Lugar: Coliseo Santiago Fern\u00e1ndez Garc\u00eda.<\/p>\n<p>\ud83c\udf9f\ufe0f Adquiere tus entradas en:<br \/>\n\ud83d\udc49 Micromercado Raquelita ( Lunes 15 de Septiembre )<br \/>\n\ud83d\udc49 Arsenia ( Lunes 15 de Septiembre )<br \/>\n\ud83d\udc49 O compra en l\u00ednea aqu\u00ed: https:\/\/www.buenplan.com.ec\/event\/eva-ayllon-2025-loja<\/p>\n<p>\ud83c\udf10\u2705 S\u00edguenos en nuestra p\u00e1gina verificada: https:\/\/www.facebook.com\/lodelmomentolojaEC<\/p>\n<p>www.lodelmomentoloja.com<br \/>\n<a class=\"x1i10hfl xjbqb8w x1ejq31n x18oe1m7 x1sy0etr xstzfhl x972fbf x10w94by x1qhh985 x14e42zd x9f619 x1ypdohk xt0psk2 x3ct3a4 xdj266r x14z9mp xat24cr x1lziwak xexx8yu xyri2b x18d9i69 x1c1uobl x16tdsg8 x1hl2dhg xggy1nq x1a2a7pz  _aa9_ _a6hd\" tabindex=\"0\" role=\"link\" href=\"https:\/\/www.instagram.com\/explore\/tags\/ldmnoticias\/\">#LDMnoticias<\/a>\u00a0<a class=\"x1i10hfl xjbqb8w x1ejq31n x18oe1m7 x1sy0etr xstzfhl x972fbf x10w94by x1qhh985 x14e42zd x9f619 x1ypdohk xt0psk2 x3ct3a4 xdj266r x14z9mp xat24cr x1lziwak xexx8yu xyri2b x18d9i69 x1c1uobl x16tdsg8 x1hl2dhg xggy1nq x1a2a7pz  _aa9_ _a6hd\" tabindex=\"0\" role=\"link\" href=\"https:\/\/www.instagram.com\/explore\/tags\/lodelmomentolojaldm\/\">#lodelmomentolojaLDM<\/a><\/p>\n","protected":false},"excerpt":{"rendered":"<p>\ud83c\udfa4\u2728\ud83c\udf39 \u00a1Porque Loja lo necesitaba! Tras 15 a\u00f1os de espera, la grande de Latinoam\u00e9rica EVA&#8230;<\/p>\n","protected":false},"author":1,"featured_media":27831,"comment_status":"open","ping_status":"open","sticky":false,"template":"","format":"standard","meta":{"footnotes":""},"categories":[7,1,4],"tags":[],"class_list":["post-27830","post","type-post","status-publish","format-standard","has-post-thumbnail","hentry","category-ecuador","category-inicio","category-internacional"],"_links":{"self":[{"href":"https:\/\/www.lodelmomentoloja.com\/index.php?rest_route=\/wp\/v2\/posts\/27830"}],"collection":[{"href":"https:\/\/www.lodelmomentoloja.com\/index.php?rest_route=\/wp\/v2\/posts"}],"about":[{"href":"https:\/\/www.lodelmomentoloja.com\/index.php?rest_route=\/wp\/v2\/types\/post"}],"author":[{"embeddable":true,"href":"https:\/\/www.lodelmomentoloja.com\/index.php?rest_route=\/wp\/v2\/users\/1"}],"replies":[{"embeddable":true,"href":"https:\/\/www.lodelmomentoloja.com\/index.php?rest_route=%2Fwp%2Fv2%2Fcomments&post=27830"}],"version-history":[{"count":1,"href":"https:\/\/www.lodelmomentoloja.com\/index.php?rest_route=\/wp\/v2\/posts\/27830\/revisions"}],"predecessor-version":[{"id":27832,"href":"https:\/\/www.lodelmomentoloja.com\/index.php?rest_route=\/wp\/v2\/posts\/27830\/revisions\/27832"}],"wp:featuredmedia":[{"embeddable":true,"href":"https:\/\/www.lodelmomentoloja.com\/index.php?rest_route=\/wp\/v2\/media\/27831"}],"wp:attachment":[{"href":"https:\/\/www.lodelmomentoloja.com\/index.php?rest_route=%2Fwp%2Fv2%2Fmedia&parent=27830"}],"wp:term":[{"taxonomy":"category","embeddable":true,"href":"https:\/\/www.lodelmomentoloja.com\/index.php?rest_route=%2Fwp%2Fv2%2Fcategories&post=27830"},{"taxonomy":"post_tag","embeddable":true,"href":"https:\/\/www.lodelmomentoloja.com\/index.php?rest_route=%2Fwp%2Fv2%2Ftags&post=27830"}],"curies":[{"name":"wp","href":"https:\/\/api.w.org\/{rel}","templated":true}]}}