{"id":27827,"date":"2025-09-17T09:23:04","date_gmt":"2025-09-17T09:23:04","guid":{"rendered":"https:\/\/www.lodelmomentoloja.com\/?p=27827"},"modified":"2025-09-17T14:25:02","modified_gmt":"2025-09-17T14:25:02","slug":"ambulancia-del-cuerpo-de-bomberos-fue-4s4lt4d4-en-quito","status":"publish","type":"post","link":"https:\/\/www.lodelmomentoloja.com\/?p=27827","title":{"rendered":"AMBULANCIA DEL CUERPO DE BOMBEROS FUE 4S4LT4D4 EN QUITO"},"content":{"rendered":"<p>\ud83d\ude31\ud83d\ude91\ud83d\udc68\ud83c\udffb\u200d\ud83d\ude92\u00a1Nadie se salva! Alrededor de las 05h00am de este 17 de septiembre, el Cuerpo de Bomberos de Quito, fue v\u00edctima de la d3l1ncv3nc14, cuando los casacas rojas se encontraban atendiendo una emergencia en Chiriyacu, al sur de la ciudad. Mientras los uniformados atend\u00edan a la persona afectada, desconocidos forzaron la ambulancia, llev\u00e1ndose el cerebro del veh\u00edculo de emergencia (Se trata de la computadora o m\u00f3dulo de memoria que permite el funcionamiento de la misma.)<\/p>\n<p>\ud83c\udf10\u2705 S\u00edguenos en nuestra p\u00e1gina verificada: https:\/\/www.facebook.com\/lodelmomentolojaEC<\/p>\n<p>www.lodelmomentoloja.com<br \/>\n<a class=\"x1i10hfl xjbqb8w x1ejq31n x18oe1m7 x1sy0etr xstzfhl x972fbf x10w94by x1qhh985 x14e42zd x9f619 x1ypdohk xt0psk2 x3ct3a4 xdj266r x14z9mp xat24cr x1lziwak xexx8yu xyri2b x18d9i69 x1c1uobl x16tdsg8 x1hl2dhg xggy1nq x1a2a7pz  _aa9_ _a6hd\" tabindex=\"0\" role=\"link\" href=\"https:\/\/www.instagram.com\/explore\/tags\/ldmnoticias\/\">#LDMnoticias<\/a>\u00a0<a class=\"x1i10hfl xjbqb8w x1ejq31n x18oe1m7 x1sy0etr xstzfhl x972fbf x10w94by x1qhh985 x14e42zd x9f619 x1ypdohk xt0psk2 x3ct3a4 xdj266r x14z9mp xat24cr x1lziwak xexx8yu xyri2b x18d9i69 x1c1uobl x16tdsg8 x1hl2dhg xggy1nq x1a2a7pz  _aa9_ _a6hd\" tabindex=\"0\" role=\"link\" href=\"https:\/\/www.instagram.com\/explore\/tags\/lodelmomentolojaldm\/\">#lodelmomentolojaLDM<\/a><\/p>\n","protected":false},"excerpt":{"rendered":"<p>\ud83d\ude31\ud83d\ude91\ud83d\udc68\ud83c\udffb\u200d\ud83d\ude92\u00a1Nadie se salva! Alrededor de las 05h00am de este 17 de septiembre, el Cuerpo de&#8230;<\/p>\n","protected":false},"author":1,"featured_media":27828,"comment_status":"open","ping_status":"open","sticky":false,"template":"","format":"standard","meta":{"footnotes":""},"categories":[7,1],"tags":[],"class_list":["post-27827","post","type-post","status-publish","format-standard","has-post-thumbnail","hentry","category-ecuador","category-inicio"],"_links":{"self":[{"href":"https:\/\/www.lodelmomentoloja.com\/index.php?rest_route=\/wp\/v2\/posts\/27827"}],"collection":[{"href":"https:\/\/www.lodelmomentoloja.com\/index.php?rest_route=\/wp\/v2\/posts"}],"about":[{"href":"https:\/\/www.lodelmomentoloja.com\/index.php?rest_route=\/wp\/v2\/types\/post"}],"author":[{"embeddable":true,"href":"https:\/\/www.lodelmomentoloja.com\/index.php?rest_route=\/wp\/v2\/users\/1"}],"replies":[{"embeddable":true,"href":"https:\/\/www.lodelmomentoloja.com\/index.php?rest_route=%2Fwp%2Fv2%2Fcomments&post=27827"}],"version-history":[{"count":1,"href":"https:\/\/www.lodelmomentoloja.com\/index.php?rest_route=\/wp\/v2\/posts\/27827\/revisions"}],"predecessor-version":[{"id":27829,"href":"https:\/\/www.lodelmomentoloja.com\/index.php?rest_route=\/wp\/v2\/posts\/27827\/revisions\/27829"}],"wp:featuredmedia":[{"embeddable":true,"href":"https:\/\/www.lodelmomentoloja.com\/index.php?rest_route=\/wp\/v2\/media\/27828"}],"wp:attachment":[{"href":"https:\/\/www.lodelmomentoloja.com\/index.php?rest_route=%2Fwp%2Fv2%2Fmedia&parent=27827"}],"wp:term":[{"taxonomy":"category","embeddable":true,"href":"https:\/\/www.lodelmomentoloja.com\/index.php?rest_route=%2Fwp%2Fv2%2Fcategories&post=27827"},{"taxonomy":"post_tag","embeddable":true,"href":"https:\/\/www.lodelmomentoloja.com\/index.php?rest_route=%2Fwp%2Fv2%2Ftags&post=27827"}],"curies":[{"name":"wp","href":"https:\/\/api.w.org\/{rel}","templated":true}]}}