{"id":27816,"date":"2025-09-16T15:21:55","date_gmt":"2025-09-16T15:21:55","guid":{"rendered":"https:\/\/www.lodelmomentoloja.com\/?p=27816"},"modified":"2025-09-16T20:27:27","modified_gmt":"2025-09-16T20:27:27","slug":"miles-de-cuencanos-marcharon-por-el-agua-en-rechazo-al-proyecto-minero","status":"publish","type":"post","link":"https:\/\/www.lodelmomentoloja.com\/?p=27816","title":{"rendered":"Miles de cuencanos marcharon por el agua en rechazo al proyecto minero."},"content":{"rendered":"<p><span class=\"x19la9d6 x1fc57z9 x6ikm8r x10wlt62 x19co3pv x1g5zs5t xfibh0p xiy17q3 x1xsqp64 x1lkfr7t xexx8yu xyri2b x18d9i69 x1c1uobl\"><span class=\"xrtxmta x1bhl96m\"><img loading=\"lazy\" decoding=\"async\" class=\"wp-image-27818 aligncenter\" src=\"http:\/\/www.lodelmomentoloja.com\/wp-content\/uploads\/2025\/09\/NOTICIA-VIDEO-LDM-5-300x169.jpg\" alt=\"\" width=\"1134\" height=\"639\" srcset=\"https:\/\/www.lodelmomentoloja.com\/wp-content\/uploads\/2025\/09\/NOTICIA-VIDEO-LDM-5-300x169.jpg 300w, https:\/\/www.lodelmomentoloja.com\/wp-content\/uploads\/2025\/09\/NOTICIA-VIDEO-LDM-5-1024x576.jpg 1024w, https:\/\/www.lodelmomentoloja.com\/wp-content\/uploads\/2025\/09\/NOTICIA-VIDEO-LDM-5-768x432.jpg 768w, https:\/\/www.lodelmomentoloja.com\/wp-content\/uploads\/2025\/09\/NOTICIA-VIDEO-LDM-5-640x360.jpg 640w, https:\/\/www.lodelmomentoloja.com\/wp-content\/uploads\/2025\/09\/NOTICIA-VIDEO-LDM-5-1536x864.jpg 1536w, https:\/\/www.lodelmomentoloja.com\/wp-content\/uploads\/2025\/09\/NOTICIA-VIDEO-LDM-5.jpg 1920w\" sizes=\"(max-width: 1134px) 100vw, 1134px\" \/><\/p>\n<p>\ud83d\udeab<\/span><\/span><span class=\"x19la9d6 x1fc57z9 x6ikm8r x10wlt62 x19co3pv x1g5zs5t xfibh0p xiy17q3 x1xsqp64 x1lkfr7t xexx8yu xyri2b x18d9i69 x1c1uobl\"><span class=\"xrtxmta x1bhl96m\">\ud83d\udca7<\/span><\/span><span class=\"x19la9d6 x1fc57z9 x6ikm8r x10wlt62 x19co3pv x1g5zs5t xfibh0p xiy17q3 x1xsqp64 x1lkfr7t xexx8yu xyri2b x18d9i69 x1c1uobl\"><span class=\"xrtxmta x1bhl96m\">\ud83d\udea7<\/span><\/span><span class=\"selectable-text copyable-text xkrh14z\"> \u00a1El quinto r\u00edo! Un quinto r\u00edo apareci\u00f3 en la ciudad de Cuenca, provincia del Azuay este 16 de septiembre, en el cual no corr\u00eda agua, sino miles de cuencanos que salieron a las calles que buscan frenar el proyecto minero Loma Larga, ubicado en las inmediaciones del \u00c1rea de Recreaci\u00f3n Quimsacocha.<br \/>\n<\/span><\/p>\n<div style=\"width: 640px;\" class=\"wp-video\"><!--[if lt IE 9]><script>document.createElement('video');<\/script><![endif]-->\n<video class=\"wp-video-shortcode\" id=\"video-27816-1\" width=\"640\" height=\"360\" preload=\"metadata\" controls=\"controls\"><source type=\"video\/mp4\" src=\"http:\/\/www.lodelmomentoloja.com\/wp-content\/uploads\/2025\/09\/MARCHA-POR-EL-AGUA-REDUCIDO.mp4?_=1\" \/><a href=\"http:\/\/www.lodelmomentoloja.com\/wp-content\/uploads\/2025\/09\/MARCHA-POR-EL-AGUA-REDUCIDO.mp4\">http:\/\/www.lodelmomentoloja.com\/wp-content\/uploads\/2025\/09\/MARCHA-POR-EL-AGUA-REDUCIDO.mp4<\/a><\/video><\/div>\n<p><span class=\"selectable-text copyable-text xkrh14z\">\u00a0<\/span><\/p>\n<p>Fue convocada por el Cabildo por el Agua despu\u00e9s de que el Ministerio del Ambiente entregara la licencia ambiental a la empresa minera Dundee Precious Metals. En la plaza de San Francisco se realiz\u00f3 una concentraci\u00f3n y se dio la lectura del manifiesto por Quimsacocha.<\/p>\n<p>Autoridades locales, sectores sociales, universitarios, usuarios de sistemas de agua, habitantes de otros cantones de Azuay y ciudadan\u00eda participaron de la denominada Marcha por el Agua, el recorrido empez\u00f3 luego de las 09H00 desde la plaza de San Roque, en el centro de la ciudad.<\/p>\n<p>La marcha inici\u00f3 recorriendo desde la Av. Loja hacia La Condamine. Luego por la calle Tarqui hacia la calle Sucre, pasando por la Av. Huayna C\u00e1pac y calle Bol\u00edvar. Finalmente, pasaron por la calle Padre Aguirre hasta llegar a la Plaza San Francisco donde se desarroll\u00f3 otras actividades programadas en la agenda como la lectura del manifiesto.<\/p>\n<p>En el documento, dirigido al presidente Daniel Noboa, las organizaciones sociales piden que deje sin efecto lo actuado por la cartera de Estado, adem\u00e1s solicitan \u201cse declare a todo el p\u00e1ramo de Quimsacocha como zona de protecci\u00f3n hidrica\u201d.<\/p>\n<p>Como parte de la agenda, tambi\u00e9n se prev\u00e9 un festival art\u00edstico con la participaci\u00f3n de agrupaciones locales y nacionales.<\/p>\n<p>Sin embargo, poco antes del inicio de la marcha, el presidente Daniel Noboa firm\u00f3 un decreto ejecutivo que declara el estado de excepci\u00f3n en siete provincias, incluyendo a la provincia del Azuay, no obstante, la medida no impidi\u00f3 que miles de personas muestren su rechazo por el proyecto minero que ha desplegado una de las marchas pac\u00edficas con mayor aglomeraci\u00f3n en los \u00faltimos tiempos.<\/p>\n<p>\ud83c\udf10\u2705 S\u00edguenos en nuestra p\u00e1gina verificada: https:\/\/www.facebook.com\/lodelmomentolojaEC<\/p>\n<p>www.lodelmomentoloja.com<br \/>\n#LDMnoticias #lodelmomentolojaLDM<\/p>\n<p>&nbsp;<\/p>\n","protected":false},"excerpt":{"rendered":"<p>\ud83d\udeab\ud83d\udca7\ud83d\udea7 \u00a1El quinto r\u00edo! Un quinto r\u00edo apareci\u00f3 en la ciudad de Cuenca, provincia del&#8230;<\/p>\n","protected":false},"author":1,"featured_media":0,"comment_status":"open","ping_status":"open","sticky":false,"template":"","format":"standard","meta":{"footnotes":""},"categories":[7,1,4],"tags":[],"class_list":["post-27816","post","type-post","status-publish","format-standard","hentry","category-ecuador","category-inicio","category-internacional"],"_links":{"self":[{"href":"https:\/\/www.lodelmomentoloja.com\/index.php?rest_route=\/wp\/v2\/posts\/27816"}],"collection":[{"href":"https:\/\/www.lodelmomentoloja.com\/index.php?rest_route=\/wp\/v2\/posts"}],"about":[{"href":"https:\/\/www.lodelmomentoloja.com\/index.php?rest_route=\/wp\/v2\/types\/post"}],"author":[{"embeddable":true,"href":"https:\/\/www.lodelmomentoloja.com\/index.php?rest_route=\/wp\/v2\/users\/1"}],"replies":[{"embeddable":true,"href":"https:\/\/www.lodelmomentoloja.com\/index.php?rest_route=%2Fwp%2Fv2%2Fcomments&post=27816"}],"version-history":[{"count":1,"href":"https:\/\/www.lodelmomentoloja.com\/index.php?rest_route=\/wp\/v2\/posts\/27816\/revisions"}],"predecessor-version":[{"id":27819,"href":"https:\/\/www.lodelmomentoloja.com\/index.php?rest_route=\/wp\/v2\/posts\/27816\/revisions\/27819"}],"wp:attachment":[{"href":"https:\/\/www.lodelmomentoloja.com\/index.php?rest_route=%2Fwp%2Fv2%2Fmedia&parent=27816"}],"wp:term":[{"taxonomy":"category","embeddable":true,"href":"https:\/\/www.lodelmomentoloja.com\/index.php?rest_route=%2Fwp%2Fv2%2Fcategories&post=27816"},{"taxonomy":"post_tag","embeddable":true,"href":"https:\/\/www.lodelmomentoloja.com\/index.php?rest_route=%2Fwp%2Fv2%2Ftags&post=27816"}],"curies":[{"name":"wp","href":"https:\/\/api.w.org\/{rel}","templated":true}]}}