{"id":27806,"date":"2025-09-16T12:19:09","date_gmt":"2025-09-16T12:19:09","guid":{"rendered":"https:\/\/www.lodelmomentoloja.com\/?p=27806"},"modified":"2025-09-16T17:23:51","modified_gmt":"2025-09-16T17:23:51","slug":"el-doble-discurso-del-primer-mandatario-sobre-la-eliminacion-de-los-subsidios","status":"publish","type":"post","link":"https:\/\/www.lodelmomentoloja.com\/?p=27806","title":{"rendered":"El doble discurso del primer mandatario sobre la eliminaci\u00f3n de los subsidios."},"content":{"rendered":"<p class=\"selectable-text copyable-text x15bjb6t x1n2onr6\"><span class=\"x19la9d6 x1fc57z9 x6ikm8r x10wlt62 x19co3pv x1g5zs5t xfibh0p xiy17q3 x1xsqp64 x1lkfr7t xexx8yu xyri2b x18d9i69 x1c1uobl\"><span class=\"xrtxmta x1bhl96m\"><img loading=\"lazy\" decoding=\"async\" class=\"wp-image-27808 aligncenter\" src=\"http:\/\/www.lodelmomentoloja.com\/wp-content\/uploads\/2025\/09\/NOTICIA-VIDEO-LDM-4-300x169.jpg\" alt=\"\" width=\"1118\" height=\"630\" srcset=\"https:\/\/www.lodelmomentoloja.com\/wp-content\/uploads\/2025\/09\/NOTICIA-VIDEO-LDM-4-300x169.jpg 300w, https:\/\/www.lodelmomentoloja.com\/wp-content\/uploads\/2025\/09\/NOTICIA-VIDEO-LDM-4-1024x576.jpg 1024w, https:\/\/www.lodelmomentoloja.com\/wp-content\/uploads\/2025\/09\/NOTICIA-VIDEO-LDM-4-768x432.jpg 768w, https:\/\/www.lodelmomentoloja.com\/wp-content\/uploads\/2025\/09\/NOTICIA-VIDEO-LDM-4-640x360.jpg 640w, https:\/\/www.lodelmomentoloja.com\/wp-content\/uploads\/2025\/09\/NOTICIA-VIDEO-LDM-4-1536x864.jpg 1536w, https:\/\/www.lodelmomentoloja.com\/wp-content\/uploads\/2025\/09\/NOTICIA-VIDEO-LDM-4.jpg 1920w\" sizes=\"(max-width: 1118px) 100vw, 1118px\" \/><\/p>\n<p>\ud83e\uddd0<\/span><\/span><span class=\"x19la9d6 x1fc57z9 x6ikm8r x10wlt62 x19co3pv x1g5zs5t xfibh0p xiy17q3 x1xsqp64 x1lkfr7t xexx8yu xyri2b x18d9i69 x1c1uobl\"><span class=\"xrtxmta x1bhl96m\">\ud83e\udd21<\/span><\/span><span class=\"x19la9d6 x1fc57z9 x6ikm8r x10wlt62 x19co3pv x1g5zs5t xfibh0p xiy17q3 x1xsqp64 x1lkfr7t xexx8yu xyri2b x18d9i69 x1c1uobl\"><span class=\"xrtxmta x1bhl96m\">\ud83d\udde3\ufe0f<\/span><\/span><span class=\"selectable-text copyable-text xkrh14z\"> \u00a1Doble discurso! Las declaraciones del presidente Daniel Noboa, vuelven a quedar como una promesa incumplida para los ecuatorianos, luego de la eliminaci\u00f3n del subsidio del Di\u00e9sel, elevando el precio por cada gal\u00f3n de $1,80 a $2,80. Luego de que en 2023 y 2024 manifest\u00f3 que los subsidios no se tocar\u00edan, sin embargo, la realidad es completamente diferente. <\/span><\/p>\n<div style=\"width: 640px;\" class=\"wp-video\"><!--[if lt IE 9]><script>document.createElement('video');<\/script><![endif]-->\n<video class=\"wp-video-shortcode\" id=\"video-27806-1\" width=\"640\" height=\"360\" preload=\"metadata\" controls=\"controls\"><source type=\"video\/mp4\" src=\"http:\/\/www.lodelmomentoloja.com\/wp-content\/uploads\/2025\/09\/DOBLE-DISCURSO-DE-NOBOA-REDUCIDO.mp4?_=1\" \/><a href=\"http:\/\/www.lodelmomentoloja.com\/wp-content\/uploads\/2025\/09\/DOBLE-DISCURSO-DE-NOBOA-REDUCIDO.mp4\">http:\/\/www.lodelmomentoloja.com\/wp-content\/uploads\/2025\/09\/DOBLE-DISCURSO-DE-NOBOA-REDUCIDO.mp4<\/a><\/video><\/div>\n<p class=\"selectable-text copyable-text x15bjb6t x1n2onr6\">\n<p>Recordemos que, en 2023, durante la campa\u00f1a de las elecciones anticipadas, en m\u00faltiples ocasiones el primer mandatario hab\u00eda anunciado que los subsidios no se tocar\u00edan.<\/p>\n<p>Incluso, recalcando que el expresidente de la Conaie Leonidas Iza no tendr\u00eda motivo para iniciar nuevas protestas.<\/p>\n<p>Una afirmaci\u00f3n que todav\u00eda sosten\u00eda hasta mayo de 2024, durante su visita por Madrid, Espa\u00f1a.<\/p>\n<p>Sin embargo, para el 2025 la narrativa cambi\u00f3 radicalmente, y sin previo aviso, el Gobierno elimin\u00f3 el subsidio al di\u00e9sel, por lo que ciudadanos, colectivos y organizaciones hacen hincapi\u00e9 en el doble discurso con el que el primer mandatario ha realizado su gesti\u00f3n.<\/p>\n<p>Postura que defiende su Gabinete, la ministra de Econom\u00eda, Sariha Moya se\u00f1ala que el cambio de decisi\u00f3n se debe a un punto espec\u00edfico.<\/p>\n<p>Pero esta no es la primera ocasi\u00f3n en que un Gobierno ecuatoriano intenta eliminar este subsidio, recordemos que tanto, Len\u00edn Moreno y Guillermo Lasso intentaron aplicar esta medida sin mayor \u00e9xito, puesto que la Conaie, realiz\u00f3 paros nacionales generando paralizaciones y manifestaciones en 2019 y 2022, obligando a los presidentes de aquel entonces desistir de la eliminaci\u00f3n de subsidios a los combustibles.<\/p>\n<p>No obstante, el Gobierno de Noboa ha dicho que la media no es negociable y los transportistas ya salen a las calles a protestar cerrando el paso en algunas v\u00edas, incluso el Gobierno intenta controlar la situaci\u00f3n con la declaraci\u00f3n de estado de excepci\u00f3n 7 provincias Carchi, Imbabura, Pichincha, Azuay, Bol\u00edvar, Cotopaxi, y Santo Domingo, alegando grave conmoci\u00f3n interna, coincidencialmente, provincias donde las protestas parecen intensificarse conforme pasan los d\u00edas.<\/p>\n<p class=\"selectable-text copyable-text x15bjb6t x1n2onr6\"><span class=\"x19la9d6 x1fc57z9 x6ikm8r x10wlt62 x19co3pv x1g5zs5t xfibh0p xiy17q3 x1xsqp64 x1lkfr7t xexx8yu xyri2b x18d9i69 x1c1uobl\"><span class=\"xrtxmta x1bhl96m\">\ud83c\udf10<\/span><\/span><span class=\"x19la9d6 x1fc57z9 x6ikm8r x10wlt62 x19co3pv x1g5zs5t xfibh0p xiy17q3 x1xsqp64 x1lkfr7t xexx8yu xyri2b x18d9i69 x1c1uobl\"><span class=\"xrtxmta x1bhl96m\">\u2705<\/span><\/span><span class=\"selectable-text copyable-text xkrh14z\"> S\u00edguenos en nuestra p\u00e1gina verificada: <\/span><span class=\"selectable-text copyable-text xkrh14z\">https:\/\/www.facebook.com\/lodelmomentolojaEC<\/span><\/p>\n<p class=\"selectable-text copyable-text x15bjb6t x1n2onr6\"><span class=\"selectable-text copyable-text xkrh14z\">www.lodelmomentoloja.com<\/span><\/p>\n<p class=\"selectable-text copyable-text x15bjb6t x1n2onr6\"><span class=\"selectable-text copyable-text xkrh14z\">#LDMnoticias #lodelmomentolojaLDM<\/span><\/p>\n","protected":false},"excerpt":{"rendered":"<p>\ud83e\uddd0\ud83e\udd21\ud83d\udde3\ufe0f \u00a1Doble discurso! Las declaraciones del presidente Daniel Noboa, vuelven a quedar como una promesa&#8230;<\/p>\n","protected":false},"author":1,"featured_media":0,"comment_status":"open","ping_status":"open","sticky":false,"template":"","format":"standard","meta":{"footnotes":""},"categories":[7,1,5],"tags":[],"class_list":["post-27806","post","type-post","status-publish","format-standard","hentry","category-ecuador","category-inicio","category-loja"],"_links":{"self":[{"href":"https:\/\/www.lodelmomentoloja.com\/index.php?rest_route=\/wp\/v2\/posts\/27806"}],"collection":[{"href":"https:\/\/www.lodelmomentoloja.com\/index.php?rest_route=\/wp\/v2\/posts"}],"about":[{"href":"https:\/\/www.lodelmomentoloja.com\/index.php?rest_route=\/wp\/v2\/types\/post"}],"author":[{"embeddable":true,"href":"https:\/\/www.lodelmomentoloja.com\/index.php?rest_route=\/wp\/v2\/users\/1"}],"replies":[{"embeddable":true,"href":"https:\/\/www.lodelmomentoloja.com\/index.php?rest_route=%2Fwp%2Fv2%2Fcomments&post=27806"}],"version-history":[{"count":1,"href":"https:\/\/www.lodelmomentoloja.com\/index.php?rest_route=\/wp\/v2\/posts\/27806\/revisions"}],"predecessor-version":[{"id":27809,"href":"https:\/\/www.lodelmomentoloja.com\/index.php?rest_route=\/wp\/v2\/posts\/27806\/revisions\/27809"}],"wp:attachment":[{"href":"https:\/\/www.lodelmomentoloja.com\/index.php?rest_route=%2Fwp%2Fv2%2Fmedia&parent=27806"}],"wp:term":[{"taxonomy":"category","embeddable":true,"href":"https:\/\/www.lodelmomentoloja.com\/index.php?rest_route=%2Fwp%2Fv2%2Fcategories&post=27806"},{"taxonomy":"post_tag","embeddable":true,"href":"https:\/\/www.lodelmomentoloja.com\/index.php?rest_route=%2Fwp%2Fv2%2Ftags&post=27806"}],"curies":[{"name":"wp","href":"https:\/\/api.w.org\/{rel}","templated":true}]}}