{"id":27803,"date":"2025-09-16T10:02:34","date_gmt":"2025-09-16T10:02:34","guid":{"rendered":"https:\/\/www.lodelmomentoloja.com\/?p=27803"},"modified":"2025-09-16T15:11:05","modified_gmt":"2025-09-16T15:11:05","slug":"daniel-noboa-decreta-nuevo-estado-de-excepcion-en-siete-provincias-del-ecuador","status":"publish","type":"post","link":"https:\/\/www.lodelmomentoloja.com\/?p=27803","title":{"rendered":"DANIEL NOBOA DECRETA NUEVO ESTADO DE EXCEPCI\u00d3N EN SIETE PROVINCIAS DEL ECUADOR"},"content":{"rendered":"<p>\ud83d\udea8\ud83d\udde3\ufe0f\ud83d\udcc4\u00a1Vigente por 60 d\u00edas! El presidente de Ecuador, Daniel Noboa,\u00a0a trav\u00e9s del Decreto Ejecutivo 134, anunci\u00f3 un nuevo estado de excepci\u00f3n en Ecuador, en medio de las manifestaciones por la eliminaci\u00f3n del subsidio al di\u00e9sel y previo a la marcha por el agua y en contra de la miner\u00eda que se desarrollar\u00e1 en Cuenca. En el mismo se declara el estado de excepci\u00f3n en Carchi, Imbabura, Pichincha, Azuay, Bol\u00edvar, Cotopaxi, y Santo Domingo, por la causal de grave conmoci\u00f3n\u00a0interna.<\/p>\n<p>Adem\u00e1s, seg\u00fan consta en el documento, en estas provincias\u00a0se ha reportado mayor concentraci\u00f3n de obstaculizaci\u00f3n de v\u00edas principales,\u00a0&#8220;impidi\u00e9ndose el libre tr\u00e1nsito de personas y veh\u00edculos, afectando garant\u00edas, libertades y derechos de los ciudadanos, as\u00ed como, el normal desenvolvimiento de sus actividades personales, econ\u00f3micas, comerciales y laborales&#8221;.<\/p>\n<p>\ud83c\udf10\u2705 S\u00edguenos en nuestra p\u00e1gina verificada: https:\/\/www.facebook.com\/lodelmomentolojaEC<\/p>\n<p>www.lodelmomentoloja.com<br \/>\n<a class=\"x1i10hfl xjbqb8w x1ejq31n x18oe1m7 x1sy0etr xstzfhl x972fbf x10w94by x1qhh985 x14e42zd x9f619 x1ypdohk xt0psk2 x3ct3a4 xdj266r x14z9mp xat24cr x1lziwak xexx8yu xyri2b x18d9i69 x1c1uobl x16tdsg8 x1hl2dhg xggy1nq x1a2a7pz  _aa9_ _a6hd\" tabindex=\"0\" role=\"link\" href=\"https:\/\/www.instagram.com\/explore\/tags\/ldmnoticias\/\">#LDMnoticias<\/a>\u00a0<a class=\"x1i10hfl xjbqb8w x1ejq31n x18oe1m7 x1sy0etr xstzfhl x972fbf x10w94by x1qhh985 x14e42zd x9f619 x1ypdohk xt0psk2 x3ct3a4 xdj266r x14z9mp xat24cr x1lziwak xexx8yu xyri2b x18d9i69 x1c1uobl x16tdsg8 x1hl2dhg xggy1nq x1a2a7pz  _aa9_ _a6hd\" tabindex=\"0\" role=\"link\" href=\"https:\/\/www.instagram.com\/explore\/tags\/lodelmomentolojaldm\/\">#lodelmomentolojaLDM<\/a><\/p>\n","protected":false},"excerpt":{"rendered":"<p>\ud83d\udea8\ud83d\udde3\ufe0f\ud83d\udcc4\u00a1Vigente por 60 d\u00edas! El presidente de Ecuador, Daniel Noboa,\u00a0a trav\u00e9s del Decreto Ejecutivo 134,&#8230;<\/p>\n","protected":false},"author":1,"featured_media":27804,"comment_status":"open","ping_status":"open","sticky":false,"template":"","format":"standard","meta":{"footnotes":""},"categories":[7,1,5],"tags":[],"class_list":["post-27803","post","type-post","status-publish","format-standard","has-post-thumbnail","hentry","category-ecuador","category-inicio","category-loja"],"_links":{"self":[{"href":"https:\/\/www.lodelmomentoloja.com\/index.php?rest_route=\/wp\/v2\/posts\/27803"}],"collection":[{"href":"https:\/\/www.lodelmomentoloja.com\/index.php?rest_route=\/wp\/v2\/posts"}],"about":[{"href":"https:\/\/www.lodelmomentoloja.com\/index.php?rest_route=\/wp\/v2\/types\/post"}],"author":[{"embeddable":true,"href":"https:\/\/www.lodelmomentoloja.com\/index.php?rest_route=\/wp\/v2\/users\/1"}],"replies":[{"embeddable":true,"href":"https:\/\/www.lodelmomentoloja.com\/index.php?rest_route=%2Fwp%2Fv2%2Fcomments&post=27803"}],"version-history":[{"count":1,"href":"https:\/\/www.lodelmomentoloja.com\/index.php?rest_route=\/wp\/v2\/posts\/27803\/revisions"}],"predecessor-version":[{"id":27805,"href":"https:\/\/www.lodelmomentoloja.com\/index.php?rest_route=\/wp\/v2\/posts\/27803\/revisions\/27805"}],"wp:featuredmedia":[{"embeddable":true,"href":"https:\/\/www.lodelmomentoloja.com\/index.php?rest_route=\/wp\/v2\/media\/27804"}],"wp:attachment":[{"href":"https:\/\/www.lodelmomentoloja.com\/index.php?rest_route=%2Fwp%2Fv2%2Fmedia&parent=27803"}],"wp:term":[{"taxonomy":"category","embeddable":true,"href":"https:\/\/www.lodelmomentoloja.com\/index.php?rest_route=%2Fwp%2Fv2%2Fcategories&post=27803"},{"taxonomy":"post_tag","embeddable":true,"href":"https:\/\/www.lodelmomentoloja.com\/index.php?rest_route=%2Fwp%2Fv2%2Ftags&post=27803"}],"curies":[{"name":"wp","href":"https:\/\/api.w.org\/{rel}","templated":true}]}}